{"id":1969,"date":"2020-02-13T01:37:00","date_gmt":"2020-02-13T04:37:00","guid":{"rendered":"https:\/\/wandilsonramalho.com.br\/blog\/?p=1969"},"modified":"2020-02-12T19:42:17","modified_gmt":"2020-02-12T22:42:17","slug":"allan-kardec-e-fera-no-mundo-da-tecnologia","status":"publish","type":"post","link":"https:\/\/wandilsonramalho.com.br\/blog\/?p=1969","title":{"rendered":"Allan Kardec \u00e9 fera no mundo da tecnologia"},"content":{"rendered":"\n<p>O caraubense, o inteligente Allan Kardec Cunha participou em Mossor\u00f3 do \u00a0Dia da Internet Segura, a convite dos \u00a0professores do Departamento de Inform\u00e1tica &#8211; DI da UERN para fazer uma a\u00e7\u00e3o juntos com \u00a0palestras no Col\u00e9gio Mater Christi e no IFRN &#8211; Campus Mossor\u00f3 com os alunos do ensino m\u00e9dio.<\/p>\n\n\n\n<p>A tarde ele participou \u00a0de uma live com a Brena Alves para a pagina da UERN e depois uma entrevista no programa Entre no Clima no canal 10 da TCM Telecom com a Lara G\u00f3is falando sobre cuidados e como utilizar a internet de forma segura.<\/p>\n","protected":false},"excerpt":{"rendered":"<p>O caraubense, o inteligente Allan Kardec Cunha participou em Mossor\u00f3 do \u00a0Dia da Internet Segura, a convite dos \u00a0professores do Departamento de Inform\u00e1tica &#8211; DI da UERN para fazer uma a\u00e7\u00e3o juntos com \u00a0palestras no Col\u00e9gio Mater Christi e no IFRN &#8211; Campus Mossor\u00f3 com os alunos do ensino m\u00e9dio. A tarde ele participou \u00a0de <a href=\"https:\/\/wandilsonramalho.com.br\/blog\/?p=1969\">&#8230;<\/a><\/p>\n","protected":false},"author":2,"featured_media":1970,"comment_status":"open","ping_status":"open","sticky":false,"template":"","format":"standard","meta":{"_jetpack_memberships_contains_paid_content":false,"footnotes":""},"categories":[18],"tags":[],"class_list":["post-1969","post","type-post","status-publish","format-standard","has-post-thumbnail","hentry","category-caraubas"],"jetpack_featured_media_url":"https:\/\/i0.wp.com\/wandilsonramalho.com.br\/blog\/wp-content\/uploads\/2020\/02\/f05.jpg?fit=960%2C960&ssl=1","jetpack_sharing_enabled":true,"_links":{"self":[{"href":"https:\/\/wandilsonramalho.com.br\/blog\/index.php?rest_route=\/wp\/v2\/posts\/1969","targetHints":{"allow":["GET"]}}],"collection":[{"href":"https:\/\/wandilsonramalho.com.br\/blog\/index.php?rest_route=\/wp\/v2\/posts"}],"about":[{"href":"https:\/\/wandilsonramalho.com.br\/blog\/index.php?rest_route=\/wp\/v2\/types\/post"}],"author":[{"embeddable":true,"href":"https:\/\/wandilsonramalho.com.br\/blog\/index.php?rest_route=\/wp\/v2\/users\/2"}],"replies":[{"embeddable":true,"href":"https:\/\/wandilsonramalho.com.br\/blog\/index.php?rest_route=%2Fwp%2Fv2%2Fcomments&post=1969"}],"version-history":[{"count":1,"href":"https:\/\/wandilsonramalho.com.br\/blog\/index.php?rest_route=\/wp\/v2\/posts\/1969\/revisions"}],"predecessor-version":[{"id":1971,"href":"https:\/\/wandilsonramalho.com.br\/blog\/index.php?rest_route=\/wp\/v2\/posts\/1969\/revisions\/1971"}],"wp:featuredmedia":[{"embeddable":true,"href":"https:\/\/wandilsonramalho.com.br\/blog\/index.php?rest_route=\/wp\/v2\/media\/1970"}],"wp:attachment":[{"href":"https:\/\/wandilsonramalho.com.br\/blog\/index.php?rest_route=%2Fwp%2Fv2%2Fmedia&parent=1969"}],"wp:term":[{"taxonomy":"category","embeddable":true,"href":"https:\/\/wandilsonramalho.com.br\/blog\/index.php?rest_route=%2Fwp%2Fv2%2Fcategories&post=1969"},{"taxonomy":"post_tag","embeddable":true,"href":"https:\/\/wandilsonramalho.com.br\/blog\/index.php?rest_route=%2Fwp%2Fv2%2Ftags&post=1969"}],"curies":[{"name":"wp","href":"https:\/\/api.w.org\/{rel}","templated":true}]}}