{"id":1965,"date":"2020-02-13T08:00:00","date_gmt":"2020-02-13T11:00:00","guid":{"rendered":"https:\/\/wandilsonramalho.com.br\/blog\/?p=1965"},"modified":"2020-02-13T07:48:06","modified_gmt":"2020-02-13T10:48:06","slug":"dr-lauro-gurgel-no-programa-cenario-politico","status":"publish","type":"post","link":"https:\/\/wandilsonramalho.com.br\/blog\/?p=1965","title":{"rendered":"dr Lauro gurgel no programa cen\u00e1rio politico"},"content":{"rendered":"\n<p>A Faculdade de Direito da UERN realizando &nbsp;nesta semana um encontro sobre &#8220;Di\u00e1logos sobre cidade &#8211; democracia e mobilidade urbana&#8221;.<\/p>\n\n\n\n<p>O coordenador do projeto&nbsp; quem detalha &nbsp;\u00e9 o professor Lauro Gurgel no Programa &nbsp;Cen\u00e1rio Pol\u00edtico TCM. Veja bem , dois caraubenses neste programa e neste hor\u00e1rio , o apresentador Vonuvio Praxedes e Lauro Gurgel. <\/p>\n\n\n\n<p>A TCM j\u00e1 instalada em Cara\u00fabas ..<\/p>\n\n\n\n<p>J\u00e1 fez seus planos , de internet e Tv?<\/p>\n\n\n\n<p>N\u00e3o, ent\u00e3o fale com Paula no escrit\u00f3rio na Pra\u00e7a Reinaldo Pimenta.<\/p>\n\n\n\n<p>A TCM TELECOM \u00e9 um presente para Cara\u00fabas .<\/p>\n","protected":false},"excerpt":{"rendered":"<p>A Faculdade de Direito da UERN realizando &nbsp;nesta semana um encontro sobre &#8220;Di\u00e1logos sobre cidade &#8211; democracia e mobilidade urbana&#8221;. O coordenador do projeto&nbsp; quem detalha &nbsp;\u00e9 o professor Lauro Gurgel no Programa &nbsp;Cen\u00e1rio Pol\u00edtico TCM. Veja bem , dois caraubenses neste programa e neste hor\u00e1rio , o apresentador Vonuvio Praxedes e Lauro Gurgel. A <a href=\"https:\/\/wandilsonramalho.com.br\/blog\/?p=1965\">&#8230;<\/a><\/p>\n","protected":false},"author":2,"featured_media":1967,"comment_status":"open","ping_status":"open","sticky":false,"template":"","format":"standard","meta":{"_jetpack_memberships_contains_paid_content":false,"footnotes":""},"categories":[18],"tags":[],"class_list":["post-1965","post","type-post","status-publish","format-standard","has-post-thumbnail","hentry","category-caraubas"],"jetpack_featured_media_url":"https:\/\/i0.wp.com\/wandilsonramalho.com.br\/blog\/wp-content\/uploads\/2020\/02\/F01-LAURO-GURGEL-1.jpg?fit=600%2C600&ssl=1","jetpack_sharing_enabled":true,"_links":{"self":[{"href":"https:\/\/wandilsonramalho.com.br\/blog\/index.php?rest_route=\/wp\/v2\/posts\/1965","targetHints":{"allow":["GET"]}}],"collection":[{"href":"https:\/\/wandilsonramalho.com.br\/blog\/index.php?rest_route=\/wp\/v2\/posts"}],"about":[{"href":"https:\/\/wandilsonramalho.com.br\/blog\/index.php?rest_route=\/wp\/v2\/types\/post"}],"author":[{"embeddable":true,"href":"https:\/\/wandilsonramalho.com.br\/blog\/index.php?rest_route=\/wp\/v2\/users\/2"}],"replies":[{"embeddable":true,"href":"https:\/\/wandilsonramalho.com.br\/blog\/index.php?rest_route=%2Fwp%2Fv2%2Fcomments&post=1965"}],"version-history":[{"count":2,"href":"https:\/\/wandilsonramalho.com.br\/blog\/index.php?rest_route=\/wp\/v2\/posts\/1965\/revisions"}],"predecessor-version":[{"id":1975,"href":"https:\/\/wandilsonramalho.com.br\/blog\/index.php?rest_route=\/wp\/v2\/posts\/1965\/revisions\/1975"}],"wp:featuredmedia":[{"embeddable":true,"href":"https:\/\/wandilsonramalho.com.br\/blog\/index.php?rest_route=\/wp\/v2\/media\/1967"}],"wp:attachment":[{"href":"https:\/\/wandilsonramalho.com.br\/blog\/index.php?rest_route=%2Fwp%2Fv2%2Fmedia&parent=1965"}],"wp:term":[{"taxonomy":"category","embeddable":true,"href":"https:\/\/wandilsonramalho.com.br\/blog\/index.php?rest_route=%2Fwp%2Fv2%2Fcategories&post=1965"},{"taxonomy":"post_tag","embeddable":true,"href":"https:\/\/wandilsonramalho.com.br\/blog\/index.php?rest_route=%2Fwp%2Fv2%2Ftags&post=1965"}],"curies":[{"name":"wp","href":"https:\/\/api.w.org\/{rel}","templated":true}]}}