{"id":1935,"date":"2020-02-12T01:44:00","date_gmt":"2020-02-12T04:44:00","guid":{"rendered":"https:\/\/wandilsonramalho.com.br\/blog\/?p=1935"},"modified":"2020-02-11T16:49:33","modified_gmt":"2020-02-11T19:49:33","slug":"caraubense-representando-o-brasil-em-paris","status":"publish","type":"post","link":"https:\/\/wandilsonramalho.com.br\/blog\/?p=1935","title":{"rendered":"Caraubense representando o brasil em paris .."},"content":{"rendered":"\n<p>A Caraubense Maria Eridan Pimenta Neta funcionaria do Ministerio da Sa\u00fade assumindo o cargo de Diretora de Economia da Sa\u00fade representando o Brasil em um evento em Paris sobre Or\u00e7amento da Sa\u00fade.<\/p>\n\n\n\n<p> Eridan disse &#8220;\u00c8 gratificante representar o Brasil num evento como esse. H\u00e1 7 anos que estudo sobre esse tema e trabalho com or\u00e7amentos da sa\u00fade . Por isso fui indicada para falar sobre o tema aqui em Paris\u201d . <br>\u00c8 um orgulho para seus pais Neguinho e Susete , para a familia e para seus conterr\u00e2neos <\/p>\n\n\n\n<p>Aplausos !!<\/p>\n","protected":false},"excerpt":{"rendered":"<p>A Caraubense Maria Eridan Pimenta Neta funcionaria do Ministerio da Sa\u00fade assumindo o cargo de Diretora de Economia da Sa\u00fade representando o Brasil em um evento em Paris sobre Or\u00e7amento da Sa\u00fade. Eridan disse &#8220;\u00c8 gratificante representar o Brasil num evento como esse. H\u00e1 7 anos que estudo sobre esse tema e trabalho com or\u00e7amentos <a href=\"https:\/\/wandilsonramalho.com.br\/blog\/?p=1935\">&#8230;<\/a><\/p>\n","protected":false},"author":2,"featured_media":1936,"comment_status":"open","ping_status":"open","sticky":false,"template":"","format":"standard","meta":{"_jetpack_memberships_contains_paid_content":false,"footnotes":""},"categories":[18],"tags":[],"class_list":["post-1935","post","type-post","status-publish","format-standard","has-post-thumbnail","hentry","category-caraubas"],"jetpack_featured_media_url":"https:\/\/i0.wp.com\/wandilsonramalho.com.br\/blog\/wp-content\/uploads\/2020\/02\/f0-1ERIDAM.jpg?fit=791%2C1280&ssl=1","jetpack_sharing_enabled":true,"_links":{"self":[{"href":"https:\/\/wandilsonramalho.com.br\/blog\/index.php?rest_route=\/wp\/v2\/posts\/1935","targetHints":{"allow":["GET"]}}],"collection":[{"href":"https:\/\/wandilsonramalho.com.br\/blog\/index.php?rest_route=\/wp\/v2\/posts"}],"about":[{"href":"https:\/\/wandilsonramalho.com.br\/blog\/index.php?rest_route=\/wp\/v2\/types\/post"}],"author":[{"embeddable":true,"href":"https:\/\/wandilsonramalho.com.br\/blog\/index.php?rest_route=\/wp\/v2\/users\/2"}],"replies":[{"embeddable":true,"href":"https:\/\/wandilsonramalho.com.br\/blog\/index.php?rest_route=%2Fwp%2Fv2%2Fcomments&post=1935"}],"version-history":[{"count":1,"href":"https:\/\/wandilsonramalho.com.br\/blog\/index.php?rest_route=\/wp\/v2\/posts\/1935\/revisions"}],"predecessor-version":[{"id":1937,"href":"https:\/\/wandilsonramalho.com.br\/blog\/index.php?rest_route=\/wp\/v2\/posts\/1935\/revisions\/1937"}],"wp:featuredmedia":[{"embeddable":true,"href":"https:\/\/wandilsonramalho.com.br\/blog\/index.php?rest_route=\/wp\/v2\/media\/1936"}],"wp:attachment":[{"href":"https:\/\/wandilsonramalho.com.br\/blog\/index.php?rest_route=%2Fwp%2Fv2%2Fmedia&parent=1935"}],"wp:term":[{"taxonomy":"category","embeddable":true,"href":"https:\/\/wandilsonramalho.com.br\/blog\/index.php?rest_route=%2Fwp%2Fv2%2Fcategories&post=1935"},{"taxonomy":"post_tag","embeddable":true,"href":"https:\/\/wandilsonramalho.com.br\/blog\/index.php?rest_route=%2Fwp%2Fv2%2Ftags&post=1935"}],"curies":[{"name":"wp","href":"https:\/\/api.w.org\/{rel}","templated":true}]}}