{"id":1865,"date":"2020-02-08T01:01:00","date_gmt":"2020-02-08T04:01:00","guid":{"rendered":"https:\/\/wandilsonramalho.com.br\/blog\/?p=1865"},"modified":"2020-02-10T10:50:06","modified_gmt":"2020-02-10T13:50:06","slug":"carnaval-em-martins","status":"publish","type":"post","link":"https:\/\/wandilsonramalho.com.br\/blog\/?p=1865","title":{"rendered":"carnaval em martins"},"content":{"rendered":"\n<p>Um carnaval na serra, frio, frevo e folia . <\/p>\n\n\n\n<p>\u00c9 assim o tom do carnaval l\u00e1 na serra de Martins com quatro dias de festas de momo&nbsp; no Coreto da Folia, na Pra\u00e7a Almino Afonso. Veja a programa\u00e7\u00e3o: dia 21\/02 (sexta-feira) \u2013 Arrast\u00e3o com Carlinhos e Orquestra de Frevo ,&nbsp; 22 Carlinhos e Orquestra de Frevo , Luizinho Metalizado , dia 23 Carlinhos e Orquestra de Frevo e Airton e Silvana,  24 Carlinhos e Orquestra de Frevo, &nbsp;Nubinho Vaqueiro&nbsp; e Fabiano Show , 25 encerrando com Carlinhos e Orquestra de Frevo e&nbsp; Everton J\u00fanior .<\/p>\n","protected":false},"excerpt":{"rendered":"<p>Um carnaval na serra, frio, frevo e folia . \u00c9 assim o tom do carnaval l\u00e1 na serra de Martins com quatro dias de festas de momo&nbsp; no Coreto da Folia, na Pra\u00e7a Almino Afonso. Veja a programa\u00e7\u00e3o: dia 21\/02 (sexta-feira) \u2013 Arrast\u00e3o com Carlinhos e Orquestra de Frevo ,&nbsp; 22 Carlinhos e Orquestra de <a href=\"https:\/\/wandilsonramalho.com.br\/blog\/?p=1865\">&#8230;<\/a><\/p>\n","protected":false},"author":2,"featured_media":1866,"comment_status":"open","ping_status":"open","sticky":false,"template":"","format":"standard","meta":{"_jetpack_memberships_contains_paid_content":false,"footnotes":""},"categories":[30],"tags":[],"class_list":["post-1865","post","type-post","status-publish","format-standard","has-post-thumbnail","hentry","category-avisos"],"jetpack_featured_media_url":"https:\/\/i0.wp.com\/wandilsonramalho.com.br\/blog\/wp-content\/uploads\/2020\/02\/unnamed.jpg?fit=512%2C201&ssl=1","jetpack_sharing_enabled":true,"_links":{"self":[{"href":"https:\/\/wandilsonramalho.com.br\/blog\/index.php?rest_route=\/wp\/v2\/posts\/1865","targetHints":{"allow":["GET"]}}],"collection":[{"href":"https:\/\/wandilsonramalho.com.br\/blog\/index.php?rest_route=\/wp\/v2\/posts"}],"about":[{"href":"https:\/\/wandilsonramalho.com.br\/blog\/index.php?rest_route=\/wp\/v2\/types\/post"}],"author":[{"embeddable":true,"href":"https:\/\/wandilsonramalho.com.br\/blog\/index.php?rest_route=\/wp\/v2\/users\/2"}],"replies":[{"embeddable":true,"href":"https:\/\/wandilsonramalho.com.br\/blog\/index.php?rest_route=%2Fwp%2Fv2%2Fcomments&post=1865"}],"version-history":[{"count":2,"href":"https:\/\/wandilsonramalho.com.br\/blog\/index.php?rest_route=\/wp\/v2\/posts\/1865\/revisions"}],"predecessor-version":[{"id":1903,"href":"https:\/\/wandilsonramalho.com.br\/blog\/index.php?rest_route=\/wp\/v2\/posts\/1865\/revisions\/1903"}],"wp:featuredmedia":[{"embeddable":true,"href":"https:\/\/wandilsonramalho.com.br\/blog\/index.php?rest_route=\/wp\/v2\/media\/1866"}],"wp:attachment":[{"href":"https:\/\/wandilsonramalho.com.br\/blog\/index.php?rest_route=%2Fwp%2Fv2%2Fmedia&parent=1865"}],"wp:term":[{"taxonomy":"category","embeddable":true,"href":"https:\/\/wandilsonramalho.com.br\/blog\/index.php?rest_route=%2Fwp%2Fv2%2Fcategories&post=1865"},{"taxonomy":"post_tag","embeddable":true,"href":"https:\/\/wandilsonramalho.com.br\/blog\/index.php?rest_route=%2Fwp%2Fv2%2Ftags&post=1865"}],"curies":[{"name":"wp","href":"https:\/\/api.w.org\/{rel}","templated":true}]}}