{"id":1742,"date":"2020-01-31T01:00:00","date_gmt":"2020-01-31T04:00:00","guid":{"rendered":"https:\/\/wandilsonramalho.com.br\/blog\/?p=1742"},"modified":"2020-02-10T10:50:31","modified_gmt":"2020-02-10T13:50:31","slug":"acoes-da-saude","status":"publish","type":"post","link":"https:\/\/wandilsonramalho.com.br\/blog\/?p=1742","title":{"rendered":"A\u00e7\u00f5e da Sa\u00fade"},"content":{"rendered":"\n<p>A\u00c7\u00c3O <\/p>\n\n\n\n<p>A\u00e7\u00e3o em tempo h\u00e1bil aconteceu pela &nbsp;Secretaria de Sa\u00fade, Conselho Tutelar e representantes da Secretaria de Educa\u00e7\u00e3o para discutir algumas &nbsp;ideias e propostas para a preven\u00e7\u00e3o da gravidez na adolesc\u00eancia. O encontro aconteceu na sede da Secretaria de Sa\u00fade e foi definido diversas a\u00e7\u00f5es para promover a sa\u00fade e garantir direitos das adolescentes.Excelente a\u00e7\u00e3o . Aplausos !<\/p>\n\n\n\n<p>JANEIRO\nBRANCO <\/p>\n\n\n\n<p>\u201cConscientizar a popula\u00e7\u00e3o sobre a import\u00e2ncia de cuidar da sa\u00fade mental \u00e9 important\u00edssimo, visto que a depress\u00e3o, ansiedade e a fobia s\u00e3o alguns dos transtornos que englobam a sa\u00fade mental e que precisam de cuidados e aten\u00e7\u00e3o ao m\u00e1ximo\u201d,disse o &nbsp;vice-prefeito e atual secret\u00e1rio de Sa\u00fade, Paulo Brasil no encontro dia &nbsp;29, no Centro de Sa\u00fade Dr. Jo\u00e3o Marinaldo de Holanda e na UBS do bairro Sebasti\u00e3o Malt\u00eas.<\/p>\n\n\n\n<p> Precisamos falar n\u00e3o s\u00f3 em janeiro , sobre sa\u00fade mental, trabalho, vida , emprego, desemprego abertamente e conscientizar sobre a sa\u00fade mental de todos . <\/p>\n\n\n\n\n","protected":false},"excerpt":{"rendered":"<p>A\u00c7\u00c3O A\u00e7\u00e3o em tempo h\u00e1bil aconteceu pela &nbsp;Secretaria de Sa\u00fade, Conselho Tutelar e representantes da Secretaria de Educa\u00e7\u00e3o para discutir algumas &nbsp;ideias e propostas para a preven\u00e7\u00e3o da gravidez na adolesc\u00eancia. O encontro aconteceu na sede da Secretaria de Sa\u00fade e foi definido diversas a\u00e7\u00f5es para promover a sa\u00fade e garantir direitos das adolescentes.Excelente a\u00e7\u00e3o <a href=\"https:\/\/wandilsonramalho.com.br\/blog\/?p=1742\">&#8230;<\/a><\/p>\n","protected":false},"author":2,"featured_media":1745,"comment_status":"open","ping_status":"open","sticky":false,"template":"","format":"image","meta":{"_jetpack_memberships_contains_paid_content":false,"footnotes":""},"categories":[18],"tags":[],"class_list":["post-1742","post","type-post","status-publish","format-image","has-post-thumbnail","hentry","category-caraubas","post_format-post-format-image"],"jetpack_featured_media_url":"https:\/\/i0.wp.com\/wandilsonramalho.com.br\/blog\/wp-content\/uploads\/2020\/01\/secretaria-de-saude-caraubas-C%C3%B3pia.png?fit=800%2C513&ssl=1","jetpack_sharing_enabled":true,"_links":{"self":[{"href":"https:\/\/wandilsonramalho.com.br\/blog\/index.php?rest_route=\/wp\/v2\/posts\/1742","targetHints":{"allow":["GET"]}}],"collection":[{"href":"https:\/\/wandilsonramalho.com.br\/blog\/index.php?rest_route=\/wp\/v2\/posts"}],"about":[{"href":"https:\/\/wandilsonramalho.com.br\/blog\/index.php?rest_route=\/wp\/v2\/types\/post"}],"author":[{"embeddable":true,"href":"https:\/\/wandilsonramalho.com.br\/blog\/index.php?rest_route=\/wp\/v2\/users\/2"}],"replies":[{"embeddable":true,"href":"https:\/\/wandilsonramalho.com.br\/blog\/index.php?rest_route=%2Fwp%2Fv2%2Fcomments&post=1742"}],"version-history":[{"count":3,"href":"https:\/\/wandilsonramalho.com.br\/blog\/index.php?rest_route=\/wp\/v2\/posts\/1742\/revisions"}],"predecessor-version":[{"id":1904,"href":"https:\/\/wandilsonramalho.com.br\/blog\/index.php?rest_route=\/wp\/v2\/posts\/1742\/revisions\/1904"}],"wp:featuredmedia":[{"embeddable":true,"href":"https:\/\/wandilsonramalho.com.br\/blog\/index.php?rest_route=\/wp\/v2\/media\/1745"}],"wp:attachment":[{"href":"https:\/\/wandilsonramalho.com.br\/blog\/index.php?rest_route=%2Fwp%2Fv2%2Fmedia&parent=1742"}],"wp:term":[{"taxonomy":"category","embeddable":true,"href":"https:\/\/wandilsonramalho.com.br\/blog\/index.php?rest_route=%2Fwp%2Fv2%2Fcategories&post=1742"},{"taxonomy":"post_tag","embeddable":true,"href":"https:\/\/wandilsonramalho.com.br\/blog\/index.php?rest_route=%2Fwp%2Fv2%2Ftags&post=1742"}],"curies":[{"name":"wp","href":"https:\/\/api.w.org\/{rel}","templated":true}]}}