{"id":1726,"date":"2020-01-30T10:29:40","date_gmt":"2020-01-30T13:29:40","guid":{"rendered":"https:\/\/wandilsonramalho.com.br\/blog\/?p=1726"},"modified":"2020-01-30T11:03:50","modified_gmt":"2020-01-30T14:03:50","slug":"gratos-a-linda-formanda-ana-beatriz-pau-dos-ferros","status":"publish","type":"post","link":"https:\/\/wandilsonramalho.com.br\/blog\/?p=1726","title":{"rendered":"Gratos a linda formanda Ana beatriz ..Pau dos Ferros ."},"content":{"rendered":"\n<p>A formanda em Direito pela Faculdade Evolu\u00e7\u00e3o , a pauferense ,a inteligente Ana Beatriz Pontes Nunes Ferreira , a sobrinha querida do colega colunista Lisboa Batista , enviando convite para as solenidades de sua cola\u00e7\u00e3o de grau que acontecem : Dia 05 de fevereiro Ato Ecum\u00eanico, dia 07 Cola\u00e7\u00e3o de Grau Cola\u00e7\u00e3o de grau e dia 15 o Baile .<\/p>\n\n\n\n<p>Ficamos felizes e honrados com o convite. <\/p>\n\n\n\n<p>Gente amiga e fina \u00e9 outra coisa. At\u00e9 l\u00e1. <\/p>\n\n\n\n<div class=\"wp-block-image\"><figure class=\"aligncenter size-large\"><img data-recalc-dims=\"1\" fetchpriority=\"high\" decoding=\"async\" width=\"452\" height=\"640\" src=\"https:\/\/i0.wp.com\/wandilsonramalho.com.br\/blog\/wp-content\/uploads\/2020\/01\/convite-lisboa-2.jpg?resize=452%2C640&#038;ssl=1\" alt=\"\" class=\"wp-image-1731\"\/><\/figure><\/div>\n","protected":false},"excerpt":{"rendered":"<p>A formanda em Direito pela Faculdade Evolu\u00e7\u00e3o , a pauferense ,a inteligente Ana Beatriz Pontes Nunes Ferreira , a sobrinha querida do colega colunista Lisboa Batista , enviando convite para as solenidades de sua cola\u00e7\u00e3o de grau que acontecem : Dia 05 de fevereiro Ato Ecum\u00eanico, dia 07 Cola\u00e7\u00e3o de Grau Cola\u00e7\u00e3o de grau e <a href=\"https:\/\/wandilsonramalho.com.br\/blog\/?p=1726\">&#8230;<\/a><\/p>\n","protected":false},"author":2,"featured_media":1733,"comment_status":"open","ping_status":"open","sticky":false,"template":"","format":"image","meta":{"_jetpack_memberships_contains_paid_content":false,"footnotes":""},"categories":[29],"tags":[],"class_list":["post-1726","post","type-post","status-publish","format-image","has-post-thumbnail","hentry","category-gente-chique","post_format-post-format-image"],"jetpack_featured_media_url":"https:\/\/i0.wp.com\/wandilsonramalho.com.br\/blog\/wp-content\/uploads\/2020\/01\/a.png?fit=496%2C361&ssl=1","jetpack_sharing_enabled":true,"_links":{"self":[{"href":"https:\/\/wandilsonramalho.com.br\/blog\/index.php?rest_route=\/wp\/v2\/posts\/1726","targetHints":{"allow":["GET"]}}],"collection":[{"href":"https:\/\/wandilsonramalho.com.br\/blog\/index.php?rest_route=\/wp\/v2\/posts"}],"about":[{"href":"https:\/\/wandilsonramalho.com.br\/blog\/index.php?rest_route=\/wp\/v2\/types\/post"}],"author":[{"embeddable":true,"href":"https:\/\/wandilsonramalho.com.br\/blog\/index.php?rest_route=\/wp\/v2\/users\/2"}],"replies":[{"embeddable":true,"href":"https:\/\/wandilsonramalho.com.br\/blog\/index.php?rest_route=%2Fwp%2Fv2%2Fcomments&post=1726"}],"version-history":[{"count":3,"href":"https:\/\/wandilsonramalho.com.br\/blog\/index.php?rest_route=\/wp\/v2\/posts\/1726\/revisions"}],"predecessor-version":[{"id":1734,"href":"https:\/\/wandilsonramalho.com.br\/blog\/index.php?rest_route=\/wp\/v2\/posts\/1726\/revisions\/1734"}],"wp:featuredmedia":[{"embeddable":true,"href":"https:\/\/wandilsonramalho.com.br\/blog\/index.php?rest_route=\/wp\/v2\/media\/1733"}],"wp:attachment":[{"href":"https:\/\/wandilsonramalho.com.br\/blog\/index.php?rest_route=%2Fwp%2Fv2%2Fmedia&parent=1726"}],"wp:term":[{"taxonomy":"category","embeddable":true,"href":"https:\/\/wandilsonramalho.com.br\/blog\/index.php?rest_route=%2Fwp%2Fv2%2Fcategories&post=1726"},{"taxonomy":"post_tag","embeddable":true,"href":"https:\/\/wandilsonramalho.com.br\/blog\/index.php?rest_route=%2Fwp%2Fv2%2Ftags&post=1726"}],"curies":[{"name":"wp","href":"https:\/\/api.w.org\/{rel}","templated":true}]}}