{"id":1669,"date":"2020-01-21T19:13:53","date_gmt":"2020-01-21T22:13:53","guid":{"rendered":"https:\/\/wandilsonramalho.com.br\/blog\/?p=1669"},"modified":"2020-01-22T10:00:18","modified_gmt":"2020-01-22T13:00:18","slug":"festa-de-sao-sebastiao-2","status":"publish","type":"post","link":"https:\/\/wandilsonramalho.com.br\/blog\/?p=1669","title":{"rendered":"Festa de s\u00e3o sebasti\u00e3o!!"},"content":{"rendered":"\n<p>A maior festa desta terra amada \u201c A&nbsp; Festa de S\u00e3o Sebasti\u00e3o \u201c aconteceu !!0H Gloria !!!<\/p>\n\n\n\n<p> Caraubas se encheu de luz nestes dez dias , com paz, religiosidade , f\u00e9 , devo\u00e7\u00e3o, amor, vida&nbsp; e muito louvor ao santo padroeiro .<\/p>\n\n\n\n<p> Dez dias intensos ,de&nbsp; muitos atos religiosos na Matriz , de quermesses &nbsp;na pra\u00e7a S\u00e3o Sebasti\u00e3o , de festas  na Pra\u00e7a de Eventos &nbsp;, nos lares&nbsp; e nos mais diversos lugares aconteceram &nbsp;festas.<\/p>\n\n\n\n<p> Foi marcante a festa!!<\/p>\n\n\n\n<p> O padre Demetrio Junior merece os nossos aplausos !<\/p>\n\n\n\n<p>Quatro padres , filhos desta terra , nos atos religiosos, na Eucaristia ..<\/p>\n\n\n\n<p>Quanta luz!!<br>Quantas b\u00ean\u00e7\u00e3os !!<\/p>\n\n\n\n<p>Quanta vida!!<\/p>\n\n\n\n<figure class=\"wp-block-image size-large\"><img data-recalc-dims=\"1\" fetchpriority=\"high\" decoding=\"async\" width=\"845\" height=\"527\" src=\"https:\/\/i0.wp.com\/wandilsonramalho.com.br\/blog\/wp-content\/uploads\/2020\/01\/f-5-pe-demetrio.jpg?resize=845%2C527&#038;ssl=1\" alt=\"\" class=\"wp-image-1670\"\/><\/figure>\n\n\n\n<figure class=\"wp-block-image size-large\"><img data-recalc-dims=\"1\" decoding=\"async\" width=\"555\" height=\"427\" src=\"https:\/\/i0.wp.com\/wandilsonramalho.com.br\/blog\/wp-content\/uploads\/2020\/01\/f02-padres.jpg?resize=555%2C427&#038;ssl=1\" alt=\"\" class=\"wp-image-1671\"\/><\/figure>\n\n\n\n<figure class=\"wp-block-image size-large\"><img data-recalc-dims=\"1\" decoding=\"async\" width=\"651\" height=\"730\" src=\"https:\/\/i0.wp.com\/wandilsonramalho.com.br\/blog\/wp-content\/uploads\/2020\/01\/83552887_2056836517795655_3375339485674864640_o.jpg?resize=651%2C730&#038;ssl=1\" alt=\"\" class=\"wp-image-1673\"\/><\/figure>\n","protected":false},"excerpt":{"rendered":"<p>A maior festa desta terra amada \u201c A&nbsp; Festa de S\u00e3o Sebasti\u00e3o \u201c aconteceu !!0H Gloria !!! Caraubas se encheu de luz nestes dez dias , com paz, religiosidade , f\u00e9 , devo\u00e7\u00e3o, amor, vida&nbsp; e muito louvor ao santo padroeiro . Dez dias intensos ,de&nbsp; muitos atos religiosos na Matriz , de quermesses &nbsp;na <a href=\"https:\/\/wandilsonramalho.com.br\/blog\/?p=1669\">&#8230;<\/a><\/p>\n","protected":false},"author":2,"featured_media":1670,"comment_status":"open","ping_status":"open","sticky":false,"template":"","format":"standard","meta":{"_jetpack_memberships_contains_paid_content":false,"footnotes":""},"categories":[18],"tags":[],"class_list":["post-1669","post","type-post","status-publish","format-standard","has-post-thumbnail","hentry","category-caraubas"],"jetpack_featured_media_url":"https:\/\/i0.wp.com\/wandilsonramalho.com.br\/blog\/wp-content\/uploads\/2020\/01\/f-5-pe-demetrio.jpg?fit=1280%2C960&ssl=1","jetpack_sharing_enabled":true,"_links":{"self":[{"href":"https:\/\/wandilsonramalho.com.br\/blog\/index.php?rest_route=\/wp\/v2\/posts\/1669","targetHints":{"allow":["GET"]}}],"collection":[{"href":"https:\/\/wandilsonramalho.com.br\/blog\/index.php?rest_route=\/wp\/v2\/posts"}],"about":[{"href":"https:\/\/wandilsonramalho.com.br\/blog\/index.php?rest_route=\/wp\/v2\/types\/post"}],"author":[{"embeddable":true,"href":"https:\/\/wandilsonramalho.com.br\/blog\/index.php?rest_route=\/wp\/v2\/users\/2"}],"replies":[{"embeddable":true,"href":"https:\/\/wandilsonramalho.com.br\/blog\/index.php?rest_route=%2Fwp%2Fv2%2Fcomments&post=1669"}],"version-history":[{"count":2,"href":"https:\/\/wandilsonramalho.com.br\/blog\/index.php?rest_route=\/wp\/v2\/posts\/1669\/revisions"}],"predecessor-version":[{"id":1684,"href":"https:\/\/wandilsonramalho.com.br\/blog\/index.php?rest_route=\/wp\/v2\/posts\/1669\/revisions\/1684"}],"wp:featuredmedia":[{"embeddable":true,"href":"https:\/\/wandilsonramalho.com.br\/blog\/index.php?rest_route=\/wp\/v2\/media\/1670"}],"wp:attachment":[{"href":"https:\/\/wandilsonramalho.com.br\/blog\/index.php?rest_route=%2Fwp%2Fv2%2Fmedia&parent=1669"}],"wp:term":[{"taxonomy":"category","embeddable":true,"href":"https:\/\/wandilsonramalho.com.br\/blog\/index.php?rest_route=%2Fwp%2Fv2%2Fcategories&post=1669"},{"taxonomy":"post_tag","embeddable":true,"href":"https:\/\/wandilsonramalho.com.br\/blog\/index.php?rest_route=%2Fwp%2Fv2%2Ftags&post=1669"}],"curies":[{"name":"wp","href":"https:\/\/api.w.org\/{rel}","templated":true}]}}