{"id":1644,"date":"2020-01-15T07:43:50","date_gmt":"2020-01-15T10:43:50","guid":{"rendered":"https:\/\/wandilsonramalho.com.br\/blog\/?p=1644"},"modified":"2020-01-15T08:03:27","modified_gmt":"2020-01-15T11:03:27","slug":"festa-de-sao-sebastiao","status":"publish","type":"post","link":"https:\/\/wandilsonramalho.com.br\/blog\/?p=1644","title":{"rendered":"festa de s\u00e3o sebasti\u00e3o.."},"content":{"rendered":"\n<p>A Festa de S\u00e3o Sebasti\u00e3o em nossa cidade continua e tem sido celebrada com muitos fieis nas&nbsp; novenas, prociss\u00e3o, banda de musica , quermesses, leil\u00e3o, pedal , cavalgada&nbsp; e muito louvor .<\/p>\n\n\n\n<p> As festividades acontecem em frente a Matriz que todos os dias fica lotada expressando a religiosidade e devo\u00e7\u00e3o ao Santo conhecido pela invoca\u00e7\u00e3o contra fome, peste e guerra.<\/p>\n\n\n\n<p>-Cada noite ap\u00f3s as novenas acontece as quermesses com comidas e atra\u00e7\u00e3o musical bem variada. Excelente !<\/p>\n\n\n\n<p>-A FESTA de S\u00e3o Sebasti\u00e3o prossegue com muito sucesso. Amanh\u00e3 na programa\u00e7\u00e3o acontece o 1\u00ba Pedal a partir das 17 horas . <\/p>\n\n\n\n<p>-A Cavalgada de S\u00e3o Sebasti\u00e3o foi sucesso , em publico , em atra\u00e7\u00f5es e em cavaleiros e amazonas entre crian\u00e7as ,mulheres&nbsp; e homens . <\/p>\n\n\n\n<figure class=\"wp-block-image size-large\"><img data-recalc-dims=\"1\" fetchpriority=\"high\" decoding=\"async\" width=\"845\" height=\"685\" src=\"https:\/\/i0.wp.com\/wandilsonramalho.com.br\/blog\/wp-content\/uploads\/2020\/01\/Festa-de-S%C3%A3o-Sebasti%C3%A3o-2020-1.jpg?resize=845%2C685&#038;ssl=1\" alt=\"\" class=\"wp-image-1645\"\/><\/figure>\n","protected":false},"excerpt":{"rendered":"<p>A Festa de S\u00e3o Sebasti\u00e3o em nossa cidade continua e tem sido celebrada com muitos fieis nas&nbsp; novenas, prociss\u00e3o, banda de musica , quermesses, leil\u00e3o, pedal , cavalgada&nbsp; e muito louvor . As festividades acontecem em frente a Matriz que todos os dias fica lotada expressando a religiosidade e devo\u00e7\u00e3o ao Santo conhecido pela invoca\u00e7\u00e3o <a href=\"https:\/\/wandilsonramalho.com.br\/blog\/?p=1644\">&#8230;<\/a><\/p>\n","protected":false},"author":2,"featured_media":1645,"comment_status":"open","ping_status":"open","sticky":false,"template":"","format":"image","meta":{"_jetpack_memberships_contains_paid_content":false,"footnotes":""},"categories":[18],"tags":[],"class_list":["post-1644","post","type-post","status-publish","format-image","has-post-thumbnail","hentry","category-caraubas","post_format-post-format-image"],"jetpack_featured_media_url":"https:\/\/i0.wp.com\/wandilsonramalho.com.br\/blog\/wp-content\/uploads\/2020\/01\/Festa-de-S%C3%A3o-Sebasti%C3%A3o-2020-1.jpg?fit=900%2C900&ssl=1","jetpack_sharing_enabled":true,"_links":{"self":[{"href":"https:\/\/wandilsonramalho.com.br\/blog\/index.php?rest_route=\/wp\/v2\/posts\/1644","targetHints":{"allow":["GET"]}}],"collection":[{"href":"https:\/\/wandilsonramalho.com.br\/blog\/index.php?rest_route=\/wp\/v2\/posts"}],"about":[{"href":"https:\/\/wandilsonramalho.com.br\/blog\/index.php?rest_route=\/wp\/v2\/types\/post"}],"author":[{"embeddable":true,"href":"https:\/\/wandilsonramalho.com.br\/blog\/index.php?rest_route=\/wp\/v2\/users\/2"}],"replies":[{"embeddable":true,"href":"https:\/\/wandilsonramalho.com.br\/blog\/index.php?rest_route=%2Fwp%2Fv2%2Fcomments&post=1644"}],"version-history":[{"count":2,"href":"https:\/\/wandilsonramalho.com.br\/blog\/index.php?rest_route=\/wp\/v2\/posts\/1644\/revisions"}],"predecessor-version":[{"id":1651,"href":"https:\/\/wandilsonramalho.com.br\/blog\/index.php?rest_route=\/wp\/v2\/posts\/1644\/revisions\/1651"}],"wp:featuredmedia":[{"embeddable":true,"href":"https:\/\/wandilsonramalho.com.br\/blog\/index.php?rest_route=\/wp\/v2\/media\/1645"}],"wp:attachment":[{"href":"https:\/\/wandilsonramalho.com.br\/blog\/index.php?rest_route=%2Fwp%2Fv2%2Fmedia&parent=1644"}],"wp:term":[{"taxonomy":"category","embeddable":true,"href":"https:\/\/wandilsonramalho.com.br\/blog\/index.php?rest_route=%2Fwp%2Fv2%2Fcategories&post=1644"},{"taxonomy":"post_tag","embeddable":true,"href":"https:\/\/wandilsonramalho.com.br\/blog\/index.php?rest_route=%2Fwp%2Fv2%2Ftags&post=1644"}],"curies":[{"name":"wp","href":"https:\/\/api.w.org\/{rel}","templated":true}]}}