{"id":1640,"date":"2020-01-15T07:28:11","date_gmt":"2020-01-15T10:28:11","guid":{"rendered":"https:\/\/wandilsonramalho.com.br\/blog\/?p=1640"},"modified":"2020-01-16T16:11:24","modified_gmt":"2020-01-16T19:11:24","slug":"janeiro-branco","status":"publish","type":"post","link":"https:\/\/wandilsonramalho.com.br\/blog\/?p=1640","title":{"rendered":"janeiro branco"},"content":{"rendered":"\n<p>A Assistente Social,colunista e acad\u00eamica de Psicologia da Faculdade&nbsp; Cat\u00f3lica do Rio Grande do Norte,Karenine Fernandes manda dizer e eu repasso :&nbsp; dia 17,\u00e0s 7h,a equipe do CAPS AD III estar\u00e1 realizando&nbsp; uma grande mobiliza\u00e7\u00e3o na pra\u00e7a do Rotary para conscientizar a popula\u00e7\u00e3o sobre sa\u00fade mental.<\/p>\n\n\n\n<p> A Campanha Janeiro Branco em a\u00e7\u00e3o . <\/p>\n\n\n\n<p>Aplausos !!<\/p>\n\n\n\n<figure class=\"wp-block-image size-large\"><img data-recalc-dims=\"1\" fetchpriority=\"high\" decoding=\"async\" width=\"600\" height=\"600\" src=\"https:\/\/i0.wp.com\/wandilsonramalho.com.br\/blog\/wp-content\/uploads\/2020\/01\/80786455_2555359871417840_8476330997623816192_n-1.jpg?resize=600%2C600&#038;ssl=1\" alt=\"\" class=\"wp-image-1642\" srcset=\"https:\/\/i0.wp.com\/wandilsonramalho.com.br\/blog\/wp-content\/uploads\/2020\/01\/80786455_2555359871417840_8476330997623816192_n-1.jpg?w=600&amp;ssl=1 600w, https:\/\/i0.wp.com\/wandilsonramalho.com.br\/blog\/wp-content\/uploads\/2020\/01\/80786455_2555359871417840_8476330997623816192_n-1.jpg?resize=160%2C160&amp;ssl=1 160w, https:\/\/i0.wp.com\/wandilsonramalho.com.br\/blog\/wp-content\/uploads\/2020\/01\/80786455_2555359871417840_8476330997623816192_n-1.jpg?resize=585%2C585&amp;ssl=1 585w\" sizes=\"(max-width: 600px) 100vw, 600px\" \/><\/figure>\n","protected":false},"excerpt":{"rendered":"<p>A Assistente Social,colunista e acad\u00eamica de Psicologia da Faculdade&nbsp; Cat\u00f3lica do Rio Grande do Norte,Karenine Fernandes manda dizer e eu repasso :&nbsp; dia 17,\u00e0s 7h,a equipe do CAPS AD III estar\u00e1 realizando&nbsp; uma grande mobiliza\u00e7\u00e3o na pra\u00e7a do Rotary para conscientizar a popula\u00e7\u00e3o sobre sa\u00fade mental. A Campanha Janeiro Branco em a\u00e7\u00e3o . Aplausos !! <a href=\"https:\/\/wandilsonramalho.com.br\/blog\/?p=1640\">&#8230;<\/a><\/p>\n","protected":false},"author":2,"featured_media":1642,"comment_status":"open","ping_status":"open","sticky":false,"template":"","format":"image","meta":{"_jetpack_memberships_contains_paid_content":false,"footnotes":""},"categories":[30],"tags":[],"class_list":["post-1640","post","type-post","status-publish","format-image","has-post-thumbnail","hentry","category-avisos","post_format-post-format-image"],"jetpack_featured_media_url":"https:\/\/i0.wp.com\/wandilsonramalho.com.br\/blog\/wp-content\/uploads\/2020\/01\/80786455_2555359871417840_8476330997623816192_n-1.jpg?fit=600%2C600&ssl=1","jetpack_sharing_enabled":true,"_links":{"self":[{"href":"https:\/\/wandilsonramalho.com.br\/blog\/index.php?rest_route=\/wp\/v2\/posts\/1640","targetHints":{"allow":["GET"]}}],"collection":[{"href":"https:\/\/wandilsonramalho.com.br\/blog\/index.php?rest_route=\/wp\/v2\/posts"}],"about":[{"href":"https:\/\/wandilsonramalho.com.br\/blog\/index.php?rest_route=\/wp\/v2\/types\/post"}],"author":[{"embeddable":true,"href":"https:\/\/wandilsonramalho.com.br\/blog\/index.php?rest_route=\/wp\/v2\/users\/2"}],"replies":[{"embeddable":true,"href":"https:\/\/wandilsonramalho.com.br\/blog\/index.php?rest_route=%2Fwp%2Fv2%2Fcomments&post=1640"}],"version-history":[{"count":2,"href":"https:\/\/wandilsonramalho.com.br\/blog\/index.php?rest_route=\/wp\/v2\/posts\/1640\/revisions"}],"predecessor-version":[{"id":1650,"href":"https:\/\/wandilsonramalho.com.br\/blog\/index.php?rest_route=\/wp\/v2\/posts\/1640\/revisions\/1650"}],"wp:featuredmedia":[{"embeddable":true,"href":"https:\/\/wandilsonramalho.com.br\/blog\/index.php?rest_route=\/wp\/v2\/media\/1642"}],"wp:attachment":[{"href":"https:\/\/wandilsonramalho.com.br\/blog\/index.php?rest_route=%2Fwp%2Fv2%2Fmedia&parent=1640"}],"wp:term":[{"taxonomy":"category","embeddable":true,"href":"https:\/\/wandilsonramalho.com.br\/blog\/index.php?rest_route=%2Fwp%2Fv2%2Fcategories&post=1640"},{"taxonomy":"post_tag","embeddable":true,"href":"https:\/\/wandilsonramalho.com.br\/blog\/index.php?rest_route=%2Fwp%2Fv2%2Ftags&post=1640"}],"curies":[{"name":"wp","href":"https:\/\/api.w.org\/{rel}","templated":true}]}}