{"id":1617,"date":"2020-01-14T08:00:31","date_gmt":"2020-01-14T11:00:31","guid":{"rendered":"https:\/\/wandilsonramalho.com.br\/blog\/?p=1617"},"modified":"2020-01-14T08:24:58","modified_gmt":"2020-01-14T11:24:58","slug":"abertura-da-festa-de-sao-sebastiao-caraubas-rn","status":"publish","type":"post","link":"https:\/\/wandilsonramalho.com.br\/blog\/?p=1617","title":{"rendered":"Abertura da festa de s\u00e3o sebasti\u00e3o-cara\u00fabas -rn"},"content":{"rendered":"\n<p>Muitos fieis participaram da abertura da festa do nosso padroeiro S\u00e3o Sebasti\u00e3o&nbsp; sexta feira 10 . Primeiro aconteceu a solenidade de abertura e depois a Missa presidida pelos Bispo Diocesano Dom Mariano Manzana e concelebrada pelos padres Demetrio Junior , o Padre Fred Gurgel e o futuro padre Seminarista \u00cdkaro Dr\u00eaan. Presen\u00e7a das autoridades o prefeito Juninho Alves , o vice Paulo Brasil e o presidente da C\u00e3mara Jos\u00e9 Maria Alves, vereadores, secret\u00e1rios a comiss\u00e3o da festa e o povo feliz . <\/p>\n\n\n\n<figure class=\"wp-block-image size-large\"><img data-recalc-dims=\"1\" fetchpriority=\"high\" decoding=\"async\" width=\"845\" height=\"527\" src=\"https:\/\/i0.wp.com\/wandilsonramalho.com.br\/blog\/wp-content\/uploads\/2020\/01\/F01-PADRES.jpg?resize=845%2C527&#038;ssl=1\" alt=\"\" class=\"wp-image-1618\" srcset=\"https:\/\/i0.wp.com\/wandilsonramalho.com.br\/blog\/wp-content\/uploads\/2020\/01\/F01-PADRES-scaled.jpg?resize=1170%2C730&amp;ssl=1 1170w, https:\/\/i0.wp.com\/wandilsonramalho.com.br\/blog\/wp-content\/uploads\/2020\/01\/F01-PADRES-scaled.jpg?zoom=2&amp;resize=1170%2C730&amp;ssl=1 2340w\" sizes=\"(max-width: 845px) 100vw, 845px\" \/><figcaption>Momento dos fogos que foi de encantar toda Caraubas . Todos felizes vivendo este momento ap\u00f3s a missa  o futuro padre de Cara\u00fabas  \u00cdkaro Dr\u00eaan, o Padre Demetrio Junior ,  o bispo Dom Mariano Manzana e o Padre Fred  Gurgel. <\/figcaption><\/figure>\n\n\n\n<figure class=\"wp-block-image size-large\"><img data-recalc-dims=\"1\" decoding=\"async\" width=\"641\" height=\"427\" src=\"https:\/\/i0.wp.com\/wandilsonramalho.com.br\/blog\/wp-content\/uploads\/2020\/01\/f02-juninho.jpg?resize=641%2C427&#038;ssl=1\" alt=\"\" class=\"wp-image-1619\" srcset=\"https:\/\/i0.wp.com\/wandilsonramalho.com.br\/blog\/wp-content\/uploads\/2020\/01\/f02-juninho.jpg?w=641&amp;ssl=1 641w, https:\/\/i0.wp.com\/wandilsonramalho.com.br\/blog\/wp-content\/uploads\/2020\/01\/f02-juninho.jpg?resize=585%2C390&amp;ssl=1 585w\" sizes=\"(max-width: 641px) 100vw, 641px\" \/><figcaption>Presen\u00e7as das autoridades na abertura da festa na Matriz de S\u00e3o Sebasti\u00e3o , o presidente da C\u00e3mara Jos\u00e9 Maria Alves, o prefeito Juninho Alves e o vice Paulo Brasil .<\/figcaption><\/figure>\n","protected":false},"excerpt":{"rendered":"<p>Muitos fieis participaram da abertura da festa do nosso padroeiro S\u00e3o Sebasti\u00e3o&nbsp; sexta feira 10 . Primeiro aconteceu a solenidade de abertura e depois a Missa presidida pelos Bispo Diocesano Dom Mariano Manzana e concelebrada pelos padres Demetrio Junior , o Padre Fred Gurgel e o futuro padre Seminarista \u00cdkaro Dr\u00eaan. Presen\u00e7a das autoridades o <a href=\"https:\/\/wandilsonramalho.com.br\/blog\/?p=1617\">&#8230;<\/a><\/p>\n","protected":false},"author":2,"featured_media":1618,"comment_status":"open","ping_status":"open","sticky":false,"template":"","format":"image","meta":{"_jetpack_memberships_contains_paid_content":false,"footnotes":""},"categories":[18],"tags":[],"class_list":["post-1617","post","type-post","status-publish","format-image","has-post-thumbnail","hentry","category-caraubas","post_format-post-format-image"],"jetpack_featured_media_url":"https:\/\/i0.wp.com\/wandilsonramalho.com.br\/blog\/wp-content\/uploads\/2020\/01\/F01-PADRES-scaled.jpg?fit=2560%2C1920&ssl=1","jetpack_sharing_enabled":true,"_links":{"self":[{"href":"https:\/\/wandilsonramalho.com.br\/blog\/index.php?rest_route=\/wp\/v2\/posts\/1617","targetHints":{"allow":["GET"]}}],"collection":[{"href":"https:\/\/wandilsonramalho.com.br\/blog\/index.php?rest_route=\/wp\/v2\/posts"}],"about":[{"href":"https:\/\/wandilsonramalho.com.br\/blog\/index.php?rest_route=\/wp\/v2\/types\/post"}],"author":[{"embeddable":true,"href":"https:\/\/wandilsonramalho.com.br\/blog\/index.php?rest_route=\/wp\/v2\/users\/2"}],"replies":[{"embeddable":true,"href":"https:\/\/wandilsonramalho.com.br\/blog\/index.php?rest_route=%2Fwp%2Fv2%2Fcomments&post=1617"}],"version-history":[{"count":2,"href":"https:\/\/wandilsonramalho.com.br\/blog\/index.php?rest_route=\/wp\/v2\/posts\/1617\/revisions"}],"predecessor-version":[{"id":1621,"href":"https:\/\/wandilsonramalho.com.br\/blog\/index.php?rest_route=\/wp\/v2\/posts\/1617\/revisions\/1621"}],"wp:featuredmedia":[{"embeddable":true,"href":"https:\/\/wandilsonramalho.com.br\/blog\/index.php?rest_route=\/wp\/v2\/media\/1618"}],"wp:attachment":[{"href":"https:\/\/wandilsonramalho.com.br\/blog\/index.php?rest_route=%2Fwp%2Fv2%2Fmedia&parent=1617"}],"wp:term":[{"taxonomy":"category","embeddable":true,"href":"https:\/\/wandilsonramalho.com.br\/blog\/index.php?rest_route=%2Fwp%2Fv2%2Fcategories&post=1617"},{"taxonomy":"post_tag","embeddable":true,"href":"https:\/\/wandilsonramalho.com.br\/blog\/index.php?rest_route=%2Fwp%2Fv2%2Ftags&post=1617"}],"curies":[{"name":"wp","href":"https:\/\/api.w.org\/{rel}","templated":true}]}}