{"id":1610,"date":"2020-01-13T09:29:35","date_gmt":"2020-01-13T12:29:35","guid":{"rendered":"https:\/\/wandilsonramalho.com.br\/blog\/?p=1610"},"modified":"2020-01-15T08:04:23","modified_gmt":"2020-01-15T11:04:23","slug":"tica-soares-celebra-hoje-28-anos-de-radio","status":"publish","type":"post","link":"https:\/\/wandilsonramalho.com.br\/blog\/?p=1610","title":{"rendered":"Tica soares celebra hoje 28 anos de r\u00e1dio.."},"content":{"rendered":"\n<p>Hoje, 13 de janeiro de 2020 , eu Tica Soares celebro 28 anos de R\u00e1dio.<\/p>\n\n\n\n<p>Quantas alegrias!<\/p>\n\n\n\n<p>Quantas dificuldades que surgiram e at\u00e9 hoje, gra\u00e7as a Deus driblei ..com prud\u00eancia , com amor ..<\/p>\n\n\n\n<p>Obrigada a Deus , pela vida ..<\/p>\n\n\n\n<p>Obrigada a Vandilson Ramalho, pela for\u00e7a .<\/p>\n\n\n\n<p>Obrigada a Rivelino C\u00e2mara e Tadeu Benevides pelo convite e aceita\u00e7\u00e3o na R\u00e1dio Centen\u00e1rio .<\/p>\n\n\n\n<p>Obrigada a minha familia..<\/p>\n\n\n\n<p>Obrigada aos meus amigos ..<\/p>\n\n\n\n<p>Obrigada e obrigada aos meus ouvintes ..<\/p>\n\n\n\n<p>Obrigada a Gilvan Oliveira que ao sair da Centen\u00e1rio , fez o convite para a Lideran\u00e7a FM<\/p>\n\n\n\n<p>Obrigada a Junior Praxedes e Gladystone Praxedes por continuar nesta emissora .<\/p>\n\n\n\n<p>Obrigada a Toninho Praxedes atual diretor da Lideran\u00e7a <\/p>\n","protected":false},"excerpt":{"rendered":"<p>Hoje, 13 de janeiro de 2020 , eu Tica Soares celebro 28 anos de R\u00e1dio. Quantas alegrias! Quantas dificuldades que surgiram e at\u00e9 hoje, gra\u00e7as a Deus driblei ..com prud\u00eancia , com amor .. Obrigada a Deus , pela vida .. Obrigada a Vandilson Ramalho, pela for\u00e7a . Obrigada a Rivelino C\u00e2mara e Tadeu Benevides <a href=\"https:\/\/wandilsonramalho.com.br\/blog\/?p=1610\">&#8230;<\/a><\/p>\n","protected":false},"author":2,"featured_media":1611,"comment_status":"open","ping_status":"open","sticky":false,"template":"","format":"standard","meta":{"_jetpack_memberships_contains_paid_content":false,"footnotes":""},"categories":[18],"tags":[],"class_list":["post-1610","post","type-post","status-publish","format-standard","has-post-thumbnail","hentry","category-caraubas"],"jetpack_featured_media_url":"https:\/\/i0.wp.com\/wandilsonramalho.com.br\/blog\/wp-content\/uploads\/2020\/01\/12592748_10204157169009868_2374262820649900680_n.jpg?fit=657%2C521&ssl=1","jetpack_sharing_enabled":true,"_links":{"self":[{"href":"https:\/\/wandilsonramalho.com.br\/blog\/index.php?rest_route=\/wp\/v2\/posts\/1610","targetHints":{"allow":["GET"]}}],"collection":[{"href":"https:\/\/wandilsonramalho.com.br\/blog\/index.php?rest_route=\/wp\/v2\/posts"}],"about":[{"href":"https:\/\/wandilsonramalho.com.br\/blog\/index.php?rest_route=\/wp\/v2\/types\/post"}],"author":[{"embeddable":true,"href":"https:\/\/wandilsonramalho.com.br\/blog\/index.php?rest_route=\/wp\/v2\/users\/2"}],"replies":[{"embeddable":true,"href":"https:\/\/wandilsonramalho.com.br\/blog\/index.php?rest_route=%2Fwp%2Fv2%2Fcomments&post=1610"}],"version-history":[{"count":1,"href":"https:\/\/wandilsonramalho.com.br\/blog\/index.php?rest_route=\/wp\/v2\/posts\/1610\/revisions"}],"predecessor-version":[{"id":1612,"href":"https:\/\/wandilsonramalho.com.br\/blog\/index.php?rest_route=\/wp\/v2\/posts\/1610\/revisions\/1612"}],"wp:featuredmedia":[{"embeddable":true,"href":"https:\/\/wandilsonramalho.com.br\/blog\/index.php?rest_route=\/wp\/v2\/media\/1611"}],"wp:attachment":[{"href":"https:\/\/wandilsonramalho.com.br\/blog\/index.php?rest_route=%2Fwp%2Fv2%2Fmedia&parent=1610"}],"wp:term":[{"taxonomy":"category","embeddable":true,"href":"https:\/\/wandilsonramalho.com.br\/blog\/index.php?rest_route=%2Fwp%2Fv2%2Fcategories&post=1610"},{"taxonomy":"post_tag","embeddable":true,"href":"https:\/\/wandilsonramalho.com.br\/blog\/index.php?rest_route=%2Fwp%2Fv2%2Ftags&post=1610"}],"curies":[{"name":"wp","href":"https:\/\/api.w.org\/{rel}","templated":true}]}}