{"id":1603,"date":"2020-01-10T10:34:48","date_gmt":"2020-01-10T13:34:48","guid":{"rendered":"https:\/\/wandilsonramalho.com.br\/blog\/?p=1603"},"modified":"2020-01-10T10:34:51","modified_gmt":"2020-01-10T13:34:51","slug":"festas-na-praca-de-eventos-de-10-a-20-de-janeiro","status":"publish","type":"post","link":"https:\/\/wandilsonramalho.com.br\/blog\/?p=1603","title":{"rendered":"Festas na Pra\u00e7a de Eventos, De 10 a 20 de janeiro."},"content":{"rendered":"\n<p>PROGRAMA\u00c7\u00c3O SOCIAL<\/p>\n\n\n\n<p>Durante os dez dias de festa do nosso Padroeiro S\u00e3o Sebasti\u00e3o acontece na Pra\u00e7a de Eventos festas e mais festas comandada pela prefeitura de Cara\u00fabas pelo prefeito Juninho Alves .<\/p>\n\n\n\n<p>Hoje, Z\u00e9 cantor e Iury Morais , dia 11 Jo\u00e3o Neto Pegad\u00e3o e Jr Lima, dia 12 Luan Estilizado , 13 Noite do Brega, 14 Forr\u00f3 da Midia , 15 Henry Freitas e Diego Marcilio, 16 Bonde do Brasil e Bruno Martins , 17 banda Grafith , 18 banda Feras , 19 Ra\u00ed Saia Rodada e Dj Kevin , 20 Forr\u00f3 dos 3 e Diego Sena .<\/p>\n\n\n\n<p>Vamos l\u00e1 ..para as grandes noitadas<\/p>\n","protected":false},"excerpt":{"rendered":"<p>PROGRAMA\u00c7\u00c3O SOCIAL Durante os dez dias de festa do nosso Padroeiro S\u00e3o Sebasti\u00e3o acontece na Pra\u00e7a de Eventos festas e mais festas comandada pela prefeitura de Cara\u00fabas pelo prefeito Juninho Alves . Hoje, Z\u00e9 cantor e Iury Morais , dia 11 Jo\u00e3o Neto Pegad\u00e3o e Jr Lima, dia 12 Luan Estilizado , 13 Noite do <a href=\"https:\/\/wandilsonramalho.com.br\/blog\/?p=1603\">&#8230;<\/a><\/p>\n","protected":false},"author":2,"featured_media":1604,"comment_status":"open","ping_status":"open","sticky":false,"template":"","format":"standard","meta":{"_jetpack_memberships_contains_paid_content":false,"footnotes":""},"categories":[18],"tags":[],"class_list":["post-1603","post","type-post","status-publish","format-standard","has-post-thumbnail","hentry","category-caraubas"],"jetpack_featured_media_url":"https:\/\/i0.wp.com\/wandilsonramalho.com.br\/blog\/wp-content\/uploads\/2020\/01\/f03-juninho.jpg?fit=272%2C536&ssl=1","jetpack_sharing_enabled":true,"_links":{"self":[{"href":"https:\/\/wandilsonramalho.com.br\/blog\/index.php?rest_route=\/wp\/v2\/posts\/1603","targetHints":{"allow":["GET"]}}],"collection":[{"href":"https:\/\/wandilsonramalho.com.br\/blog\/index.php?rest_route=\/wp\/v2\/posts"}],"about":[{"href":"https:\/\/wandilsonramalho.com.br\/blog\/index.php?rest_route=\/wp\/v2\/types\/post"}],"author":[{"embeddable":true,"href":"https:\/\/wandilsonramalho.com.br\/blog\/index.php?rest_route=\/wp\/v2\/users\/2"}],"replies":[{"embeddable":true,"href":"https:\/\/wandilsonramalho.com.br\/blog\/index.php?rest_route=%2Fwp%2Fv2%2Fcomments&post=1603"}],"version-history":[{"count":1,"href":"https:\/\/wandilsonramalho.com.br\/blog\/index.php?rest_route=\/wp\/v2\/posts\/1603\/revisions"}],"predecessor-version":[{"id":1605,"href":"https:\/\/wandilsonramalho.com.br\/blog\/index.php?rest_route=\/wp\/v2\/posts\/1603\/revisions\/1605"}],"wp:featuredmedia":[{"embeddable":true,"href":"https:\/\/wandilsonramalho.com.br\/blog\/index.php?rest_route=\/wp\/v2\/media\/1604"}],"wp:attachment":[{"href":"https:\/\/wandilsonramalho.com.br\/blog\/index.php?rest_route=%2Fwp%2Fv2%2Fmedia&parent=1603"}],"wp:term":[{"taxonomy":"category","embeddable":true,"href":"https:\/\/wandilsonramalho.com.br\/blog\/index.php?rest_route=%2Fwp%2Fv2%2Fcategories&post=1603"},{"taxonomy":"post_tag","embeddable":true,"href":"https:\/\/wandilsonramalho.com.br\/blog\/index.php?rest_route=%2Fwp%2Fv2%2Ftags&post=1603"}],"curies":[{"name":"wp","href":"https:\/\/api.w.org\/{rel}","templated":true}]}}