{"id":1598,"date":"2020-01-10T10:32:31","date_gmt":"2020-01-10T13:32:31","guid":{"rendered":"https:\/\/wandilsonramalho.com.br\/blog\/?p=1598"},"modified":"2020-01-13T09:52:36","modified_gmt":"2020-01-13T12:52:36","slug":"e-hoje-que-inicia-a-festa-do-nosso-padroeiro-sao-sebastiao","status":"publish","type":"post","link":"https:\/\/wandilsonramalho.com.br\/blog\/?p=1598","title":{"rendered":"\u00c9 hoje!! Que inicia a FESTA DO NOSSO PADROEIRO S\u00c3O SEBASTI\u00c3O."},"content":{"rendered":"\n<p>Cara\u00fabas terra aben\u00e7oada por Deus e nosso padroeiro S\u00e3o Sebasti\u00e3o em festa.<\/p>\n\n\n\n<p>Hoje, inicia a nossa mais esperada festa por todos n\u00f3s \u201c A Festa de S\u00e3o Sebasti\u00e3o \u201c que neste ano tem como tema \u201cIgreja:Casa-M\u00e3e que ama , acolhe e envia\u201d.<\/p>\n\n\n\n<p>O padre Demetrio Junior direciona com muita compet\u00eancia junto com a comiss\u00e3o da festa toda a programa\u00e7\u00e3o de 10 a 20 de janeiro .<\/p>\n\n\n\n<p>Que o olhar de S\u00e3o Sebasti\u00e3o esteja voltado para a nossa cidade , guiando os caminhos dos caraubenses e dos visitantes .<\/p>\n\n\n\n<p>Que a paz reine !!<\/p>\n\n\n\n<p>Que o amor seja preferencial em cada lar, em cada canto ..<\/p>\n\n\n\n<p>Que todos estejam vestidos de PAZ ..VIDA..AMOR.<\/p>\n\n\n\n<p>A festa \u00e9 de f\u00e9!<\/p>\n\n\n\n<p>A festa \u00e9 de devo\u00e7\u00e3o ao nosso padroeiro .<\/p>\n\n\n\n<p>Familias reunidas..<\/p>\n\n\n\n<p>Caraubenses retornando \u00e0 terra ber\u00e7o ..<\/p>\n\n\n\n<p>Vamos abrir m\u00e3o das nossas tristezas !!<\/p>\n\n\n\n<p>\u00c8 a nossa festa..a Festa de S\u00e3o Sebasti\u00e3o!<\/p>\n\n\n\n<p>Tempo de louvor !<\/p>\n\n\n\n<p>Festa da alegria!<\/p>\n\n\n\n<p>Dos encontros e reencontros , \u00f3 gl\u00f3ria!!<\/p>\n\n\n\n<p>\u00c9 festa de celebra\u00e7\u00e3o .. Jesus, seu nome \u00e9 Jesus<\/p>\n\n\n\n<p>Seu nome \u00e9 S\u00e3o Sebasti\u00e3o<\/p>\n\n\n\n<p>Cantamos de alegria<br>Dan\u00e7amos de alegria..<br>Pulamos de alegria \u2026<br>Gritamos de alegria!<\/p>\n\n\n\n<p>Que Deus nos guie nesta caminhada de f\u00e9 \u00e0 S\u00e3o Sebasti\u00e3o!<\/p>\n\n\n\n<figure class=\"wp-block-gallery columns-2 is-cropped wp-block-gallery-1 is-layout-flex wp-block-gallery-is-layout-flex\"><ul class=\"blocks-gallery-grid\"><li class=\"blocks-gallery-item\"><figure><img data-recalc-dims=\"1\" fetchpriority=\"high\" decoding=\"async\" width=\"302\" height=\"459\" src=\"https:\/\/i0.wp.com\/wandilsonramalho.com.br\/blog\/wp-content\/uploads\/2020\/01\/f01-demetrio-1.jpg?resize=302%2C459&#038;ssl=1\" alt=\"\" data-id=\"1600\" data-full-url=\"https:\/\/wandilsonramalho.com.br\/blog\/wp-content\/uploads\/2020\/01\/f01-demetrio-1.jpg\" data-link=\"https:\/\/wandilsonramalho.com.br\/blog\/?attachment_id=1600\" class=\"wp-image-1600\"\/><figcaption class=\"blocks-gallery-item__caption\">Padre Dem\u00e9trio<\/figcaption><\/figure><\/li><li class=\"blocks-gallery-item\"><figure><img data-recalc-dims=\"1\" decoding=\"async\" width=\"652\" height=\"610\" src=\"https:\/\/i0.wp.com\/wandilsonramalho.com.br\/blog\/wp-content\/uploads\/2020\/01\/f02-marianao-1.jpg?resize=652%2C610&#038;ssl=1\" alt=\"\" data-id=\"1601\" data-full-url=\"https:\/\/wandilsonramalho.com.br\/blog\/wp-content\/uploads\/2020\/01\/f02-marianao-1.jpg\" data-link=\"https:\/\/wandilsonramalho.com.br\/blog\/?attachment_id=1601\" class=\"wp-image-1601\" srcset=\"https:\/\/i0.wp.com\/wandilsonramalho.com.br\/blog\/wp-content\/uploads\/2020\/01\/f02-marianao-1.jpg?w=652&amp;ssl=1 652w, https:\/\/i0.wp.com\/wandilsonramalho.com.br\/blog\/wp-content\/uploads\/2020\/01\/f02-marianao-1.jpg?resize=585%2C547&amp;ssl=1 585w\" sizes=\"(max-width: 652px) 100vw, 652px\" \/><figcaption class=\"blocks-gallery-item__caption\"> Dom Mariano Manzana que preside a a abertura da Festa.<\/figcaption><\/figure><\/li><\/ul><\/figure>\n","protected":false},"excerpt":{"rendered":"<p>Cara\u00fabas terra aben\u00e7oada por Deus e nosso padroeiro S\u00e3o Sebasti\u00e3o em festa. Hoje, inicia a nossa mais esperada festa por todos n\u00f3s \u201c A Festa de S\u00e3o Sebasti\u00e3o \u201c que neste ano tem como tema \u201cIgreja:Casa-M\u00e3e que ama , acolhe e envia\u201d. O padre Demetrio Junior direciona com muita compet\u00eancia junto com a comiss\u00e3o da <a href=\"https:\/\/wandilsonramalho.com.br\/blog\/?p=1598\">&#8230;<\/a><\/p>\n","protected":false},"author":2,"featured_media":1599,"comment_status":"open","ping_status":"open","sticky":false,"template":"","format":"image","meta":{"_jetpack_memberships_contains_paid_content":false,"footnotes":""},"categories":[18],"tags":[],"class_list":["post-1598","post","type-post","status-publish","format-image","has-post-thumbnail","hentry","category-caraubas","post_format-post-format-image"],"jetpack_featured_media_url":"https:\/\/i0.wp.com\/wandilsonramalho.com.br\/blog\/wp-content\/uploads\/2020\/01\/f02-marianao.jpg?fit=652%2C610&ssl=1","jetpack_sharing_enabled":true,"_links":{"self":[{"href":"https:\/\/wandilsonramalho.com.br\/blog\/index.php?rest_route=\/wp\/v2\/posts\/1598","targetHints":{"allow":["GET"]}}],"collection":[{"href":"https:\/\/wandilsonramalho.com.br\/blog\/index.php?rest_route=\/wp\/v2\/posts"}],"about":[{"href":"https:\/\/wandilsonramalho.com.br\/blog\/index.php?rest_route=\/wp\/v2\/types\/post"}],"author":[{"embeddable":true,"href":"https:\/\/wandilsonramalho.com.br\/blog\/index.php?rest_route=\/wp\/v2\/users\/2"}],"replies":[{"embeddable":true,"href":"https:\/\/wandilsonramalho.com.br\/blog\/index.php?rest_route=%2Fwp%2Fv2%2Fcomments&post=1598"}],"version-history":[{"count":1,"href":"https:\/\/wandilsonramalho.com.br\/blog\/index.php?rest_route=\/wp\/v2\/posts\/1598\/revisions"}],"predecessor-version":[{"id":1602,"href":"https:\/\/wandilsonramalho.com.br\/blog\/index.php?rest_route=\/wp\/v2\/posts\/1598\/revisions\/1602"}],"wp:featuredmedia":[{"embeddable":true,"href":"https:\/\/wandilsonramalho.com.br\/blog\/index.php?rest_route=\/wp\/v2\/media\/1599"}],"wp:attachment":[{"href":"https:\/\/wandilsonramalho.com.br\/blog\/index.php?rest_route=%2Fwp%2Fv2%2Fmedia&parent=1598"}],"wp:term":[{"taxonomy":"category","embeddable":true,"href":"https:\/\/wandilsonramalho.com.br\/blog\/index.php?rest_route=%2Fwp%2Fv2%2Fcategories&post=1598"},{"taxonomy":"post_tag","embeddable":true,"href":"https:\/\/wandilsonramalho.com.br\/blog\/index.php?rest_route=%2Fwp%2Fv2%2Ftags&post=1598"}],"curies":[{"name":"wp","href":"https:\/\/api.w.org\/{rel}","templated":true}]}}