{"id":1571,"date":"2020-01-08T22:27:00","date_gmt":"2020-01-09T01:27:00","guid":{"rendered":"https:\/\/wandilsonramalho.com.br\/blog\/?p=1571"},"modified":"2020-01-09T22:29:03","modified_gmt":"2020-01-10T01:29:03","slug":"abraco","status":"publish","type":"post","link":"https:\/\/wandilsonramalho.com.br\/blog\/?p=1571","title":{"rendered":"Abra\u00e7o"},"content":{"rendered":"\n<p>O ABRA\u00c7O \u00c0 CIDADE , ser\u00e1 realizado na v\u00e9spera da abertura da Festa de S\u00e3o Sebasti\u00e3o em nossa querida Cara\u00fabas ou seja amanh\u00e3 dia 09 quando os fi\u00e9is devotos far\u00e3o um giro pela cidade com a imagem de S\u00e3o Sebasti\u00e3o.<\/p>\n\n\n\n<p>Logo ap\u00f3s ser\u00e1 a acolhida da imagem na Capela de Nossa Senhora da Concei\u00e7\u00e3o e a Missa de encerramento da peregrina\u00e7\u00e3o .<\/p>\n\n\n\n<p>&nbsp;O padre Demetrio Junior convidando todos para este momento de f\u00e9 , de amor ao seu padroeiro .<\/p>\n","protected":false},"excerpt":{"rendered":"<p>O ABRA\u00c7O \u00c0 CIDADE , ser\u00e1 realizado na v\u00e9spera da abertura da Festa de S\u00e3o Sebasti\u00e3o em nossa querida Cara\u00fabas ou seja amanh\u00e3 dia 09 quando os fi\u00e9is devotos far\u00e3o um giro pela cidade com a imagem de S\u00e3o Sebasti\u00e3o. Logo ap\u00f3s ser\u00e1 a acolhida da imagem na Capela de Nossa Senhora da Concei\u00e7\u00e3o e <a href=\"https:\/\/wandilsonramalho.com.br\/blog\/?p=1571\">&#8230;<\/a><\/p>\n","protected":false},"author":2,"featured_media":1572,"comment_status":"open","ping_status":"open","sticky":false,"template":"","format":"standard","meta":{"_jetpack_memberships_contains_paid_content":false,"footnotes":""},"categories":[18],"tags":[28,27],"class_list":["post-1571","post","type-post","status-publish","format-standard","has-post-thumbnail","hentry","category-caraubas","tag-caraubas","tag-demetrio"],"jetpack_featured_media_url":"https:\/\/i0.wp.com\/wandilsonramalho.com.br\/blog\/wp-content\/uploads\/2020\/01\/FOTO4CARAUBAS-4.jpg?fit=481%2C675&ssl=1","jetpack_sharing_enabled":true,"_links":{"self":[{"href":"https:\/\/wandilsonramalho.com.br\/blog\/index.php?rest_route=\/wp\/v2\/posts\/1571","targetHints":{"allow":["GET"]}}],"collection":[{"href":"https:\/\/wandilsonramalho.com.br\/blog\/index.php?rest_route=\/wp\/v2\/posts"}],"about":[{"href":"https:\/\/wandilsonramalho.com.br\/blog\/index.php?rest_route=\/wp\/v2\/types\/post"}],"author":[{"embeddable":true,"href":"https:\/\/wandilsonramalho.com.br\/blog\/index.php?rest_route=\/wp\/v2\/users\/2"}],"replies":[{"embeddable":true,"href":"https:\/\/wandilsonramalho.com.br\/blog\/index.php?rest_route=%2Fwp%2Fv2%2Fcomments&post=1571"}],"version-history":[{"count":1,"href":"https:\/\/wandilsonramalho.com.br\/blog\/index.php?rest_route=\/wp\/v2\/posts\/1571\/revisions"}],"predecessor-version":[{"id":1573,"href":"https:\/\/wandilsonramalho.com.br\/blog\/index.php?rest_route=\/wp\/v2\/posts\/1571\/revisions\/1573"}],"wp:featuredmedia":[{"embeddable":true,"href":"https:\/\/wandilsonramalho.com.br\/blog\/index.php?rest_route=\/wp\/v2\/media\/1572"}],"wp:attachment":[{"href":"https:\/\/wandilsonramalho.com.br\/blog\/index.php?rest_route=%2Fwp%2Fv2%2Fmedia&parent=1571"}],"wp:term":[{"taxonomy":"category","embeddable":true,"href":"https:\/\/wandilsonramalho.com.br\/blog\/index.php?rest_route=%2Fwp%2Fv2%2Fcategories&post=1571"},{"taxonomy":"post_tag","embeddable":true,"href":"https:\/\/wandilsonramalho.com.br\/blog\/index.php?rest_route=%2Fwp%2Fv2%2Ftags&post=1571"}],"curies":[{"name":"wp","href":"https:\/\/api.w.org\/{rel}","templated":true}]}}