{"id":1562,"date":"2020-01-08T22:17:00","date_gmt":"2020-01-09T01:17:00","guid":{"rendered":"https:\/\/wandilsonramalho.com.br\/blog\/?p=1562"},"modified":"2020-01-09T22:37:53","modified_gmt":"2020-01-10T01:37:53","slug":"vivas-para-as-aniversariantes-de-hoje","status":"publish","type":"post","link":"https:\/\/wandilsonramalho.com.br\/blog\/?p=1562","title":{"rendered":"Vivas para as aniversariantes de hoje"},"content":{"rendered":"\n<p> Muitos vivas para a amiga Syomara Vieira que hoje celebra seu aniversario . O filho Benjamim no abra\u00e7o a m\u00e3e t\u00e3o amada. Parab\u00e9ns . <\/p>\n\n\n\n<div class=\"wp-block-image\"><figure class=\"aligncenter size-large\"><img data-recalc-dims=\"1\" fetchpriority=\"high\" decoding=\"async\" width=\"737\" height=\"730\" src=\"https:\/\/i0.wp.com\/wandilsonramalho.com.br\/blog\/wp-content\/uploads\/2020\/01\/f01-syomara.jpg?resize=737%2C730&#038;ssl=1\" alt=\"\" class=\"wp-image-1563\"\/><\/figure><\/div>\n\n\n\n<p class=\"has-text-align-center\"> Muitos vivas para a cabeleireira Neta Targino que hoje festeja seu niver. <\/p>\n\n\n\n<div class=\"wp-block-image\"><figure class=\"aligncenter size-large\"><img data-recalc-dims=\"1\" decoding=\"async\" width=\"591\" height=\"591\" src=\"https:\/\/i0.wp.com\/wandilsonramalho.com.br\/blog\/wp-content\/uploads\/2020\/01\/f02-neta.jpg?resize=591%2C591&#038;ssl=1\" alt=\"\" class=\"wp-image-1564\" srcset=\"https:\/\/i0.wp.com\/wandilsonramalho.com.br\/blog\/wp-content\/uploads\/2020\/01\/f02-neta.jpg?w=591&amp;ssl=1 591w, https:\/\/i0.wp.com\/wandilsonramalho.com.br\/blog\/wp-content\/uploads\/2020\/01\/f02-neta.jpg?resize=160%2C160&amp;ssl=1 160w, https:\/\/i0.wp.com\/wandilsonramalho.com.br\/blog\/wp-content\/uploads\/2020\/01\/f02-neta.jpg?resize=585%2C585&amp;ssl=1 585w\" sizes=\"(max-width: 591px) 100vw, 591px\" \/><\/figure><\/div>\n\n\n\n<p class=\"has-text-align-center\"> Alana Moura sempre linda hoje celebra seu anivers\u00e1rio. Tintim !! <\/p>\n\n\n\n<div class=\"wp-block-image\"><figure class=\"aligncenter size-large\"><img data-recalc-dims=\"1\" decoding=\"async\" width=\"700\" height=\"700\" src=\"https:\/\/i0.wp.com\/wandilsonramalho.com.br\/blog\/wp-content\/uploads\/2020\/01\/f03-lana.jpg?resize=700%2C700&#038;ssl=1\" alt=\"\" class=\"wp-image-1565\" srcset=\"https:\/\/i0.wp.com\/wandilsonramalho.com.br\/blog\/wp-content\/uploads\/2020\/01\/f03-lana.jpg?w=700&amp;ssl=1 700w, https:\/\/i0.wp.com\/wandilsonramalho.com.br\/blog\/wp-content\/uploads\/2020\/01\/f03-lana.jpg?resize=160%2C160&amp;ssl=1 160w, https:\/\/i0.wp.com\/wandilsonramalho.com.br\/blog\/wp-content\/uploads\/2020\/01\/f03-lana.jpg?resize=585%2C585&amp;ssl=1 585w\" sizes=\"(max-width: 700px) 100vw, 700px\" \/><\/figure><\/div>\n","protected":false},"excerpt":{"rendered":"<p>Muitos vivas para a amiga Syomara Vieira que hoje celebra seu aniversario . O filho Benjamim no abra\u00e7o a m\u00e3e t\u00e3o amada. Parab\u00e9ns . Muitos vivas para a cabeleireira Neta Targino que hoje festeja seu niver. Alana Moura sempre linda hoje celebra seu anivers\u00e1rio. Tintim !! <a href=\"https:\/\/wandilsonramalho.com.br\/blog\/?p=1562\">&#8230;<\/a><\/p>\n","protected":false},"author":2,"featured_media":1563,"comment_status":"open","ping_status":"open","sticky":false,"template":"","format":"image","meta":{"_jetpack_memberships_contains_paid_content":false,"footnotes":""},"categories":[22],"tags":[],"class_list":["post-1562","post","type-post","status-publish","format-image","has-post-thumbnail","hentry","category-aniversariantes","post_format-post-format-image"],"jetpack_featured_media_url":"https:\/\/i0.wp.com\/wandilsonramalho.com.br\/blog\/wp-content\/uploads\/2020\/01\/f01-syomara.jpg?fit=737%2C737&ssl=1","jetpack_sharing_enabled":true,"_links":{"self":[{"href":"https:\/\/wandilsonramalho.com.br\/blog\/index.php?rest_route=\/wp\/v2\/posts\/1562","targetHints":{"allow":["GET"]}}],"collection":[{"href":"https:\/\/wandilsonramalho.com.br\/blog\/index.php?rest_route=\/wp\/v2\/posts"}],"about":[{"href":"https:\/\/wandilsonramalho.com.br\/blog\/index.php?rest_route=\/wp\/v2\/types\/post"}],"author":[{"embeddable":true,"href":"https:\/\/wandilsonramalho.com.br\/blog\/index.php?rest_route=\/wp\/v2\/users\/2"}],"replies":[{"embeddable":true,"href":"https:\/\/wandilsonramalho.com.br\/blog\/index.php?rest_route=%2Fwp%2Fv2%2Fcomments&post=1562"}],"version-history":[{"count":2,"href":"https:\/\/wandilsonramalho.com.br\/blog\/index.php?rest_route=\/wp\/v2\/posts\/1562\/revisions"}],"predecessor-version":[{"id":1585,"href":"https:\/\/wandilsonramalho.com.br\/blog\/index.php?rest_route=\/wp\/v2\/posts\/1562\/revisions\/1585"}],"wp:featuredmedia":[{"embeddable":true,"href":"https:\/\/wandilsonramalho.com.br\/blog\/index.php?rest_route=\/wp\/v2\/media\/1563"}],"wp:attachment":[{"href":"https:\/\/wandilsonramalho.com.br\/blog\/index.php?rest_route=%2Fwp%2Fv2%2Fmedia&parent=1562"}],"wp:term":[{"taxonomy":"category","embeddable":true,"href":"https:\/\/wandilsonramalho.com.br\/blog\/index.php?rest_route=%2Fwp%2Fv2%2Fcategories&post=1562"},{"taxonomy":"post_tag","embeddable":true,"href":"https:\/\/wandilsonramalho.com.br\/blog\/index.php?rest_route=%2Fwp%2Fv2%2Ftags&post=1562"}],"curies":[{"name":"wp","href":"https:\/\/api.w.org\/{rel}","templated":true}]}}