{"id":1554,"date":"2020-01-09T21:57:41","date_gmt":"2020-01-10T00:57:41","guid":{"rendered":"https:\/\/wandilsonramalho.com.br\/blog\/?p=1554"},"modified":"2020-01-09T22:14:42","modified_gmt":"2020-01-10T01:14:42","slug":"1a-corrida-de-sao-sebastiao","status":"publish","type":"post","link":"https:\/\/wandilsonramalho.com.br\/blog\/?p=1554","title":{"rendered":"1\u00aa corrida de s\u00e3o sebasti\u00e3o"},"content":{"rendered":"\n<p>Neste s\u00e1bado 11 \u00e0s 17h acontece a 1\u00aa corrida de S\u00e3o Sebasti\u00e3o saindo do P\u00f3rtico da Cidade at\u00e9 a Matriz de S\u00e3o Sebasti\u00e3o .Todos os atletas inscritos \u00a0recebem um kit com camiseta, protetor solar e suplemento .<\/p>\n\n\n\n<p>Essa prova foi inserida neste ano pelo padre Demetrio Junior que prometeu tamb\u00e9m participar.<\/p>\n\n\n\n<p>Aplausos!<\/p>\n","protected":false},"excerpt":{"rendered":"<p>Neste s\u00e1bado 11 \u00e0s 17h acontece a 1\u00aa corrida de S\u00e3o Sebasti\u00e3o saindo do P\u00f3rtico da Cidade at\u00e9 a Matriz de S\u00e3o Sebasti\u00e3o .Todos os atletas inscritos \u00a0recebem um kit com camiseta, protetor solar e suplemento . Essa prova foi inserida neste ano pelo padre Demetrio Junior que prometeu tamb\u00e9m participar. Aplausos! <a href=\"https:\/\/wandilsonramalho.com.br\/blog\/?p=1554\">&#8230;<\/a><\/p>\n","protected":false},"author":2,"featured_media":1555,"comment_status":"open","ping_status":"open","sticky":false,"template":"","format":"standard","meta":{"_jetpack_memberships_contains_paid_content":false,"footnotes":""},"categories":[18],"tags":[23,24],"class_list":["post-1554","post","type-post","status-publish","format-standard","has-post-thumbnail","hentry","category-caraubas","tag-corrida","tag-sao-sebastiao"],"jetpack_featured_media_url":"https:\/\/i0.wp.com\/wandilsonramalho.com.br\/blog\/wp-content\/uploads\/2020\/01\/1a-corrida.jpg?fit=900%2C900&ssl=1","jetpack_sharing_enabled":true,"_links":{"self":[{"href":"https:\/\/wandilsonramalho.com.br\/blog\/index.php?rest_route=\/wp\/v2\/posts\/1554","targetHints":{"allow":["GET"]}}],"collection":[{"href":"https:\/\/wandilsonramalho.com.br\/blog\/index.php?rest_route=\/wp\/v2\/posts"}],"about":[{"href":"https:\/\/wandilsonramalho.com.br\/blog\/index.php?rest_route=\/wp\/v2\/types\/post"}],"author":[{"embeddable":true,"href":"https:\/\/wandilsonramalho.com.br\/blog\/index.php?rest_route=\/wp\/v2\/users\/2"}],"replies":[{"embeddable":true,"href":"https:\/\/wandilsonramalho.com.br\/blog\/index.php?rest_route=%2Fwp%2Fv2%2Fcomments&post=1554"}],"version-history":[{"count":3,"href":"https:\/\/wandilsonramalho.com.br\/blog\/index.php?rest_route=\/wp\/v2\/posts\/1554\/revisions"}],"predecessor-version":[{"id":1558,"href":"https:\/\/wandilsonramalho.com.br\/blog\/index.php?rest_route=\/wp\/v2\/posts\/1554\/revisions\/1558"}],"wp:featuredmedia":[{"embeddable":true,"href":"https:\/\/wandilsonramalho.com.br\/blog\/index.php?rest_route=\/wp\/v2\/media\/1555"}],"wp:attachment":[{"href":"https:\/\/wandilsonramalho.com.br\/blog\/index.php?rest_route=%2Fwp%2Fv2%2Fmedia&parent=1554"}],"wp:term":[{"taxonomy":"category","embeddable":true,"href":"https:\/\/wandilsonramalho.com.br\/blog\/index.php?rest_route=%2Fwp%2Fv2%2Fcategories&post=1554"},{"taxonomy":"post_tag","embeddable":true,"href":"https:\/\/wandilsonramalho.com.br\/blog\/index.php?rest_route=%2Fwp%2Fv2%2Ftags&post=1554"}],"curies":[{"name":"wp","href":"https:\/\/api.w.org\/{rel}","templated":true}]}}