{"id":12914,"date":"2021-08-03T01:14:00","date_gmt":"2021-08-03T04:14:00","guid":{"rendered":"https:\/\/wandilsonramalho.com.br\/blog\/?p=12914"},"modified":"2021-08-02T18:18:49","modified_gmt":"2021-08-02T21:18:49","slug":"romulo-augusto-celebrou-a-vida","status":"publish","type":"post","link":"https:\/\/wandilsonramalho.com.br\/blog\/?p=12914","title":{"rendered":"R\u00d4MULO AUGUSTO CELEBROU A VIDA !!"},"content":{"rendered":"\n<p>Celebrar a vida , \u00e9 um presente , e celebrar em fam\u00edlia \u00e9 outro presente . <\/p>\n\n\n\n<p>R\u00f4mulo Augusto Soares Gurgel recebeu neste final de semana sua fam\u00edlia na Praia de Touros para festejar em car\u00e1ter intimista seu niver que foi s\u00e1bado 31.<\/p>\n\n\n\n<p> Sua fam\u00edlia os pais Ti\u00e3o Gurgel e Salete, sua irm\u00e3 Raquel Gurgel e cunhado Marcelo Fernandes, seu irm\u00e3o Robson Luiz , cunhada Rosane , as sobrinhas\u00a0 Ana Tereza e Ana Clara e n\u00f3s ,o amigo Wandilson e eu,  Tica Soares .<\/p>\n\n\n\n<p> Quanta eleg\u00e2ncia em nos receber !<\/p>\n\n\n\n<p>Maravilhoso , rever este caraubense.<\/p>\n","protected":false},"excerpt":{"rendered":"<p>Celebrar a vida , \u00e9 um presente , e celebrar em fam\u00edlia \u00e9 outro presente . R\u00f4mulo Augusto Soares Gurgel recebeu neste final de semana sua fam\u00edlia na Praia de Touros para festejar em car\u00e1ter intimista seu niver que foi s\u00e1bado 31. Sua fam\u00edlia os pais Ti\u00e3o Gurgel e Salete, sua irm\u00e3 Raquel Gurgel e <a href=\"https:\/\/wandilsonramalho.com.br\/blog\/?p=12914\">&#8230;<\/a><\/p>\n","protected":false},"author":2,"featured_media":12916,"comment_status":"open","ping_status":"open","sticky":false,"template":"","format":"standard","meta":{"_jetpack_memberships_contains_paid_content":false,"footnotes":""},"categories":[38],"tags":[],"class_list":["post-12914","post","type-post","status-publish","format-standard","has-post-thumbnail","hentry","category-especiais"],"jetpack_featured_media_url":"https:\/\/i0.wp.com\/wandilsonramalho.com.br\/blog\/wp-content\/uploads\/2021\/08\/f04-romulo-e-familia-1.jpg?fit=567%2C480&ssl=1","jetpack_sharing_enabled":true,"_links":{"self":[{"href":"https:\/\/wandilsonramalho.com.br\/blog\/index.php?rest_route=\/wp\/v2\/posts\/12914","targetHints":{"allow":["GET"]}}],"collection":[{"href":"https:\/\/wandilsonramalho.com.br\/blog\/index.php?rest_route=\/wp\/v2\/posts"}],"about":[{"href":"https:\/\/wandilsonramalho.com.br\/blog\/index.php?rest_route=\/wp\/v2\/types\/post"}],"author":[{"embeddable":true,"href":"https:\/\/wandilsonramalho.com.br\/blog\/index.php?rest_route=\/wp\/v2\/users\/2"}],"replies":[{"embeddable":true,"href":"https:\/\/wandilsonramalho.com.br\/blog\/index.php?rest_route=%2Fwp%2Fv2%2Fcomments&post=12914"}],"version-history":[{"count":1,"href":"https:\/\/wandilsonramalho.com.br\/blog\/index.php?rest_route=\/wp\/v2\/posts\/12914\/revisions"}],"predecessor-version":[{"id":12917,"href":"https:\/\/wandilsonramalho.com.br\/blog\/index.php?rest_route=\/wp\/v2\/posts\/12914\/revisions\/12917"}],"wp:featuredmedia":[{"embeddable":true,"href":"https:\/\/wandilsonramalho.com.br\/blog\/index.php?rest_route=\/wp\/v2\/media\/12916"}],"wp:attachment":[{"href":"https:\/\/wandilsonramalho.com.br\/blog\/index.php?rest_route=%2Fwp%2Fv2%2Fmedia&parent=12914"}],"wp:term":[{"taxonomy":"category","embeddable":true,"href":"https:\/\/wandilsonramalho.com.br\/blog\/index.php?rest_route=%2Fwp%2Fv2%2Fcategories&post=12914"},{"taxonomy":"post_tag","embeddable":true,"href":"https:\/\/wandilsonramalho.com.br\/blog\/index.php?rest_route=%2Fwp%2Fv2%2Ftags&post=12914"}],"curies":[{"name":"wp","href":"https:\/\/api.w.org\/{rel}","templated":true}]}}