{"id":12802,"date":"2021-07-27T01:00:00","date_gmt":"2021-07-27T04:00:00","guid":{"rendered":"https:\/\/wandilsonramalho.com.br\/blog\/?p=12802"},"modified":"2021-07-26T17:50:26","modified_gmt":"2021-07-26T20:50:26","slug":"sabor-da-vida","status":"publish","type":"post","link":"https:\/\/wandilsonramalho.com.br\/blog\/?p=12802","title":{"rendered":"SABOR DA VIDA"},"content":{"rendered":"\n<p>Diante de tanta dor&#8230;tantos medos , tantas angustias ..a f\u00e9 desbrava tudo ..<\/p>\n\n\n\n<p>A f\u00e9 em Deus ..<\/p>\n\n\n\n<p>A f\u00e9 no que vir\u00e1 ..<br>No sabor da solidariedade ..<\/p>\n\n\n\n<p>No sabor da vida ..<\/p>\n\n\n\n<p>No ato de se vacinar<\/p>\n\n\n\n<p>Na ora\u00e7\u00e3o ..<\/p>\n\n\n\n<p>No sol que aquece  <\/p>\n\n\n\n<p>Na natureza que nos inspira ..<\/p>\n\n\n\n<p>Pai e nosso que estais nos C\u00e9us ..<\/p>\n\n\n\n<p>Deus,  luz , amor, esperan\u00e7a , sa\u00fade ..<\/p>\n\n\n\n<p>E vamos n\u00f3s , agradecendo, vivendo, amando , cantando ..e nos refazendo na dor do outro .<\/p>\n\n\n\n<p>Para encerrar ..<\/p>\n\n\n\n<p>Amei este texto do Motiva\u00e7\u00e3oespositiva que diz:<\/p>\n\n\n\n<p>Certo dia <\/p>\n\n\n\n<p>&#8221; Um m\u00e9dico s\u00e1bio falou :<\/p>\n\n\n\n<p>-O melhor rem\u00e9dio \u00e9 amor e carinho .<\/p>\n\n\n\n<p>Algu\u00e9m perguntou:<\/p>\n\n\n\n<p>-E se n\u00e3o funcionar ?<br>O s\u00e1bio sorriu e  respondeu :<\/p>\n\n\n\n<p>_Aumente e a dose .&#8221;<\/p>\n\n\n\n<p>Feliz dia !!<\/p>\n\n\n\n<p>Foto Juarez Oliveira <\/p>\n","protected":false},"excerpt":{"rendered":"<p>Diante de tanta dor&#8230;tantos medos , tantas angustias ..a f\u00e9 desbrava tudo .. A f\u00e9 em Deus .. A f\u00e9 no que vir\u00e1 ..No sabor da solidariedade .. No sabor da vida .. No ato de se vacinar Na ora\u00e7\u00e3o .. No sol que aquece Na natureza que nos inspira .. Pai e nosso que <a href=\"https:\/\/wandilsonramalho.com.br\/blog\/?p=12802\">&#8230;<\/a><\/p>\n","protected":false},"author":2,"featured_media":12803,"comment_status":"open","ping_status":"open","sticky":false,"template":"","format":"standard","meta":{"_jetpack_memberships_contains_paid_content":false,"footnotes":""},"categories":[2],"tags":[],"class_list":["post-12802","post","type-post","status-publish","format-standard","has-post-thumbnail","hentry","category-mensagens"],"jetpack_featured_media_url":"https:\/\/i0.wp.com\/wandilsonramalho.com.br\/blog\/wp-content\/uploads\/2021\/07\/jricoara-jarez.jpg?fit=960%2C720&ssl=1","jetpack_sharing_enabled":true,"_links":{"self":[{"href":"https:\/\/wandilsonramalho.com.br\/blog\/index.php?rest_route=\/wp\/v2\/posts\/12802","targetHints":{"allow":["GET"]}}],"collection":[{"href":"https:\/\/wandilsonramalho.com.br\/blog\/index.php?rest_route=\/wp\/v2\/posts"}],"about":[{"href":"https:\/\/wandilsonramalho.com.br\/blog\/index.php?rest_route=\/wp\/v2\/types\/post"}],"author":[{"embeddable":true,"href":"https:\/\/wandilsonramalho.com.br\/blog\/index.php?rest_route=\/wp\/v2\/users\/2"}],"replies":[{"embeddable":true,"href":"https:\/\/wandilsonramalho.com.br\/blog\/index.php?rest_route=%2Fwp%2Fv2%2Fcomments&post=12802"}],"version-history":[{"count":2,"href":"https:\/\/wandilsonramalho.com.br\/blog\/index.php?rest_route=\/wp\/v2\/posts\/12802\/revisions"}],"predecessor-version":[{"id":12805,"href":"https:\/\/wandilsonramalho.com.br\/blog\/index.php?rest_route=\/wp\/v2\/posts\/12802\/revisions\/12805"}],"wp:featuredmedia":[{"embeddable":true,"href":"https:\/\/wandilsonramalho.com.br\/blog\/index.php?rest_route=\/wp\/v2\/media\/12803"}],"wp:attachment":[{"href":"https:\/\/wandilsonramalho.com.br\/blog\/index.php?rest_route=%2Fwp%2Fv2%2Fmedia&parent=12802"}],"wp:term":[{"taxonomy":"category","embeddable":true,"href":"https:\/\/wandilsonramalho.com.br\/blog\/index.php?rest_route=%2Fwp%2Fv2%2Fcategories&post=12802"},{"taxonomy":"post_tag","embeddable":true,"href":"https:\/\/wandilsonramalho.com.br\/blog\/index.php?rest_route=%2Fwp%2Fv2%2Ftags&post=12802"}],"curies":[{"name":"wp","href":"https:\/\/api.w.org\/{rel}","templated":true}]}}