{"id":12565,"date":"2021-07-13T14:27:32","date_gmt":"2021-07-13T17:27:32","guid":{"rendered":"https:\/\/wandilsonramalho.com.br\/blog\/?p=12565"},"modified":"2021-07-13T14:28:21","modified_gmt":"2021-07-13T17:28:21","slug":"lancamento-do-livro-memorias-de-milton-marques-de-medeiros-o-menino-do-pore","status":"publish","type":"post","link":"https:\/\/wandilsonramalho.com.br\/blog\/?p=12565","title":{"rendered":"LAN\u00c7AMENTO DO LIVRO MEM\u00d3RIAS DE MILTON MARQUES DE MEDEIROS -O MENINO DO POR\u00c9 .."},"content":{"rendered":"\n<p>A data 09 de julho era\u00a0 a do anivers\u00e1rio de Dr. Milton Marques (in memoriam),e exatamente neste dia \u00a0foi realizada na sede da TCM TELECOM a \u00a0Sess\u00e3o Magna da Saudade da ACJUS com lan\u00e7amento do livro Mem\u00f3rias de Milton Marques de Medeiros &#8211; O menino do Por\u00e9, assinado pela jornalista \u00a0L\u00facia Rocha. <\/p>\n\n\n\n<p>A esposa Zilene Medeiros recebeu o primeiro aut\u00f3grafo .<\/p>\n\n\n\n<p>Um clic de C\u00e9lio Duarte da  empresaria da TCM Telecom Zilene Marques de Medeiros as filhas Taliana Medeiros e Stella Maris e \u00a0a autora do livro O Menino do Por\u00e9,jornalista L\u00facia Rocha.<\/p>\n","protected":false},"excerpt":{"rendered":"<p>A data 09 de julho era\u00a0 a do anivers\u00e1rio de Dr. Milton Marques (in memoriam),e exatamente neste dia \u00a0foi realizada na sede da TCM TELECOM a \u00a0Sess\u00e3o Magna da Saudade da ACJUS com lan\u00e7amento do livro Mem\u00f3rias de Milton Marques de Medeiros &#8211; O menino do Por\u00e9, assinado pela jornalista \u00a0L\u00facia Rocha. A esposa Zilene <a href=\"https:\/\/wandilsonramalho.com.br\/blog\/?p=12565\">&#8230;<\/a><\/p>\n","protected":false},"author":2,"featured_media":12567,"comment_status":"open","ping_status":"open","sticky":false,"template":"","format":"standard","meta":{"_jetpack_memberships_contains_paid_content":false,"footnotes":""},"categories":[38],"tags":[],"class_list":["post-12565","post","type-post","status-publish","format-standard","has-post-thumbnail","hentry","category-especiais"],"jetpack_featured_media_url":"https:\/\/i0.wp.com\/wandilsonramalho.com.br\/blog\/wp-content\/uploads\/2021\/07\/f02-ZILENE.jpg?fit=640%2C454&ssl=1","jetpack_sharing_enabled":true,"_links":{"self":[{"href":"https:\/\/wandilsonramalho.com.br\/blog\/index.php?rest_route=\/wp\/v2\/posts\/12565","targetHints":{"allow":["GET"]}}],"collection":[{"href":"https:\/\/wandilsonramalho.com.br\/blog\/index.php?rest_route=\/wp\/v2\/posts"}],"about":[{"href":"https:\/\/wandilsonramalho.com.br\/blog\/index.php?rest_route=\/wp\/v2\/types\/post"}],"author":[{"embeddable":true,"href":"https:\/\/wandilsonramalho.com.br\/blog\/index.php?rest_route=\/wp\/v2\/users\/2"}],"replies":[{"embeddable":true,"href":"https:\/\/wandilsonramalho.com.br\/blog\/index.php?rest_route=%2Fwp%2Fv2%2Fcomments&post=12565"}],"version-history":[{"count":1,"href":"https:\/\/wandilsonramalho.com.br\/blog\/index.php?rest_route=\/wp\/v2\/posts\/12565\/revisions"}],"predecessor-version":[{"id":12568,"href":"https:\/\/wandilsonramalho.com.br\/blog\/index.php?rest_route=\/wp\/v2\/posts\/12565\/revisions\/12568"}],"wp:featuredmedia":[{"embeddable":true,"href":"https:\/\/wandilsonramalho.com.br\/blog\/index.php?rest_route=\/wp\/v2\/media\/12567"}],"wp:attachment":[{"href":"https:\/\/wandilsonramalho.com.br\/blog\/index.php?rest_route=%2Fwp%2Fv2%2Fmedia&parent=12565"}],"wp:term":[{"taxonomy":"category","embeddable":true,"href":"https:\/\/wandilsonramalho.com.br\/blog\/index.php?rest_route=%2Fwp%2Fv2%2Fcategories&post=12565"},{"taxonomy":"post_tag","embeddable":true,"href":"https:\/\/wandilsonramalho.com.br\/blog\/index.php?rest_route=%2Fwp%2Fv2%2Ftags&post=12565"}],"curies":[{"name":"wp","href":"https:\/\/api.w.org\/{rel}","templated":true}]}}