{"id":1239,"date":"2020-01-09T08:09:15","date_gmt":"2020-01-09T11:09:15","guid":{"rendered":"https:\/\/malina.artstudioworks.net\/?p=1"},"modified":"2020-01-10T10:33:28","modified_gmt":"2020-01-10T13:33:28","slug":"lojinha-sao-sebastiao","status":"publish","type":"post","link":"https:\/\/wandilsonramalho.com.br\/blog\/?p=1239","title":{"rendered":"Visite a Lojinha de S\u00e3o Sebasti\u00e3o"},"content":{"rendered":"\n<p>Caraubenses, visitantes e aqueles que retornam a terrinha neste per\u00edodo da nossa grande festa, um lembrete: A lojinha de S\u00e3o Sebasti\u00e3o foi aberta neste domingo dia 05de janeiro com as b\u00ean\u00e7\u00e3os do padre Demetrio Junior.<\/p>\n\n\n\n<p>\u00c9 o tradicional ponto de venda de artigos religiosos neste per\u00edodo.<\/p>\n\n\n\n<p>Quer presentear quem voc\u00ea ama ?<\/p>\n\n\n\n<p>A dica \u00e9 a Lojinha de <strong>S\u00e3o Sebasti\u00e3o<\/strong> que fica localizada ao lado da Matriz.<\/p>\n","protected":false},"excerpt":{"rendered":"<p>Caraubenses, visitantes e aqueles que retornam a terrinha neste per\u00edodo da nossa grande&#8230; <a href=\"https:\/\/wandilsonramalho.com.br\/blog\/?p=1239\">&#8230;<\/a><\/p>\n","protected":false},"author":2,"featured_media":1544,"comment_status":"open","ping_status":"open","sticky":false,"template":"","format":"standard","meta":{"_jetpack_memberships_contains_paid_content":false,"footnotes":""},"categories":[18],"tags":[],"class_list":["post-1239","post","type-post","status-publish","format-standard","has-post-thumbnail","hentry","category-caraubas"],"jetpack_featured_media_url":"https:\/\/i0.wp.com\/wandilsonramalho.com.br\/blog\/wp-content\/uploads\/2020\/01\/lojinha-1.jpg?fit=900%2C900&ssl=1","jetpack_sharing_enabled":true,"_links":{"self":[{"href":"https:\/\/wandilsonramalho.com.br\/blog\/index.php?rest_route=\/wp\/v2\/posts\/1239","targetHints":{"allow":["GET"]}}],"collection":[{"href":"https:\/\/wandilsonramalho.com.br\/blog\/index.php?rest_route=\/wp\/v2\/posts"}],"about":[{"href":"https:\/\/wandilsonramalho.com.br\/blog\/index.php?rest_route=\/wp\/v2\/types\/post"}],"author":[{"embeddable":true,"href":"https:\/\/wandilsonramalho.com.br\/blog\/index.php?rest_route=\/wp\/v2\/users\/2"}],"replies":[{"embeddable":true,"href":"https:\/\/wandilsonramalho.com.br\/blog\/index.php?rest_route=%2Fwp%2Fv2%2Fcomments&post=1239"}],"version-history":[{"count":3,"href":"https:\/\/wandilsonramalho.com.br\/blog\/index.php?rest_route=\/wp\/v2\/posts\/1239\/revisions"}],"predecessor-version":[{"id":1548,"href":"https:\/\/wandilsonramalho.com.br\/blog\/index.php?rest_route=\/wp\/v2\/posts\/1239\/revisions\/1548"}],"wp:featuredmedia":[{"embeddable":true,"href":"https:\/\/wandilsonramalho.com.br\/blog\/index.php?rest_route=\/wp\/v2\/media\/1544"}],"wp:attachment":[{"href":"https:\/\/wandilsonramalho.com.br\/blog\/index.php?rest_route=%2Fwp%2Fv2%2Fmedia&parent=1239"}],"wp:term":[{"taxonomy":"category","embeddable":true,"href":"https:\/\/wandilsonramalho.com.br\/blog\/index.php?rest_route=%2Fwp%2Fv2%2Fcategories&post=1239"},{"taxonomy":"post_tag","embeddable":true,"href":"https:\/\/wandilsonramalho.com.br\/blog\/index.php?rest_route=%2Fwp%2Fv2%2Ftags&post=1239"}],"curies":[{"name":"wp","href":"https:\/\/api.w.org\/{rel}","templated":true}]}}