{"id":12339,"date":"2021-06-30T01:46:00","date_gmt":"2021-06-30T04:46:00","guid":{"rendered":"https:\/\/wandilsonramalho.com.br\/blog\/?p=12339"},"modified":"2021-06-29T16:57:47","modified_gmt":"2021-06-29T19:57:47","slug":"parabens-ilton-gurgel","status":"publish","type":"post","link":"https:\/\/wandilsonramalho.com.br\/blog\/?p=12339","title":{"rendered":"PARAB\u00c9NS, ILTON GURGEL"},"content":{"rendered":"\n<p>Hoje, 30 de junho , o caraubense, poeta , o inteligente Ilton Gurgel celebrando a vida ..<\/p>\n\n\n\n<p>Poeta dos bons &#8230;<\/p>\n\n\n\n<p>Quero saud\u00e1-lo com uma de suas poesias ..sobre sua terra ber\u00e7o -CARA\u00daBAS.<\/p>\n\n\n\n<p>Parab\u00e9ns , pelo aniversario e pela importante mensagem para sua terra. <\/p>\n\n\n\n<p>CARA\u00daBAS SIMPLESMENTE<\/p>\n\n\n\n<p>&nbsp;&nbsp;&nbsp;&nbsp;&nbsp;&nbsp;&nbsp;&nbsp;&nbsp;&nbsp;&nbsp;&nbsp;&nbsp;&nbsp;&nbsp; I<\/p>\n\n\n\n<p>Nossa velha Cara\u00fabas<\/p>\n\n\n\n<p>T\u00e3o querida e amada<\/p>\n\n\n\n<p>Cara\u00fabas de a\u00e7\u00facar<\/p>\n\n\n\n<p>Por tanta gente chamada<\/p>\n\n\n\n<p>Lugar doce como mel<\/p>\n\n\n\n<p>Por Deus \u00e9 aben\u00e7oada.<\/p>\n\n\n\n<p>&nbsp;&nbsp;&nbsp;&nbsp;&nbsp;&nbsp;&nbsp;&nbsp;&nbsp;&nbsp;&nbsp;&nbsp;&nbsp;&nbsp;&nbsp;&nbsp; II<\/p>\n\n\n\n<p>Cidade admirada<\/p>\n\n\n\n<p>Por todo seu visitante<\/p>\n\n\n\n<p>Nosso amor por Cara\u00fabas<\/p>\n\n\n\n<p>\u00c9 muito perseverante<\/p>\n\n\n\n<p>Onde cada filho seu<\/p>\n\n\n\n<p>Ser\u00e1 seu representante.<\/p>\n\n\n\n<p>&nbsp;&nbsp;&nbsp;&nbsp;&nbsp;&nbsp;&nbsp;&nbsp;&nbsp;&nbsp;&nbsp;&nbsp;&nbsp;&nbsp;&nbsp;&nbsp; III<\/p>\n\n\n\n<p>Uma cidade brilhante<\/p>\n\n\n\n<p>Visitada o ano inteiro<\/p>\n\n\n\n<p>Come\u00e7a na grande festa<\/p>\n\n\n\n<p>Que ocorre em janeiro<\/p>\n\n\n\n<p>A feira agropecu\u00e1ria<\/p>\n\n\n\n<p>Est\u00e1 dentro do roteiro.<\/p>\n\n\n\n<p>&nbsp;&nbsp;&nbsp;&nbsp;&nbsp;&nbsp;&nbsp;&nbsp;&nbsp;&nbsp;&nbsp;&nbsp;&nbsp;&nbsp;&nbsp;&nbsp;&nbsp; IV<\/p>\n\n\n\n<p>No S\u00e3o Jo\u00e3o vemos primeiro<\/p>\n\n\n\n<p>A imensa alegria<\/p>\n\n\n\n<p>Arraial quebrar da barra<\/p>\n\n\n\n<p>Com sua alegoria<\/p>\n\n\n\n<p>O concurso de quadrilhas<\/p>\n\n\n\n<p>E tamb\u00e9m de fantasia.<\/p>\n\n\n\n<p>&nbsp;&nbsp;&nbsp;&nbsp;&nbsp;&nbsp;&nbsp;&nbsp;&nbsp;&nbsp;&nbsp;&nbsp;&nbsp;&nbsp;&nbsp; V<\/p>\n\n\n\n<p>A cultura influencia<\/p>\n\n\n\n<p>Pois tem artistas locais<\/p>\n\n\n\n<p>Temos a feira da lua<\/p>\n\n\n\n<p>Nos seus cerimoniais<\/p>\n\n\n\n<p>M\u00fasicos e seresteiros<\/p>\n\n\n\n<p>Com os talentos reais.<\/p>\n\n\n\n<p>&nbsp;&nbsp;&nbsp;&nbsp;&nbsp;&nbsp;&nbsp;&nbsp;&nbsp;&nbsp;&nbsp;&nbsp;&nbsp;&nbsp;&nbsp; VI<\/p>\n\n\n\n<p>Outros profissionais<\/p>\n\n\n\n<p>Que n\u00f3s temos na cidade<\/p>\n\n\n\n<p>Desempenhando fun\u00e7\u00f5es<\/p>\n\n\n\n<p>Todos com capacidade<\/p>\n\n\n\n<p>Com um bom atendimento<\/p>\n\n\n\n<p>De primeira qualidade.<\/p>\n\n\n\n<p>&nbsp;&nbsp;&nbsp;&nbsp;&nbsp;&nbsp;&nbsp;&nbsp;&nbsp;&nbsp;&nbsp;&nbsp;&nbsp;&nbsp;&nbsp; VII<\/p>\n\n\n\n<p>Sem prazo de validade<\/p>\n\n\n\n<p>Est\u00e1 o nosso amor<\/p>\n\n\n\n<p>Pela nossa Cara\u00fabas<\/p>\n\n\n\n<p>Um lugar encantador<\/p>\n\n\n\n<p>Sua marca registrada<\/p>\n\n\n\n<p>O sol quente e o calor.<\/p>\n\n\n\n<p>&nbsp;&nbsp;&nbsp;&nbsp;&nbsp;&nbsp;&nbsp;&nbsp;&nbsp;&nbsp;&nbsp;&nbsp;&nbsp;&nbsp; VIII<\/p>\n\n\n\n<p>O turismo tem valor<\/p>\n\n\n\n<p>No Brasil \u00e9 conhecido<\/p>\n\n\n\n<p>O Olho D\u2019\u00e1gua do Milho<\/p>\n\n\n\n<p>Lindo e descontra\u00eddo<\/p>\n\n\n\n<p>Com suas \u00e1guas termais<\/p>\n\n\n\n<p>No lazer \u00e9 inclu\u00eddo.<\/p>\n\n\n\n<p>&nbsp;&nbsp;&nbsp;&nbsp;&nbsp;&nbsp;&nbsp;&nbsp;&nbsp;&nbsp;&nbsp;&nbsp;&nbsp;&nbsp; IX<\/p>\n\n\n\n<p>A UFERSA faz sentido<\/p>\n\n\n\n<p>Na nossa educa\u00e7\u00e3o<\/p>\n\n\n\n<p>Gigantesca faculdade<\/p>\n\n\n\n<p>Que faz a prepara\u00e7\u00e3o<\/p>\n\n\n\n<p>De formandos em suas \u00e1reas<\/p>\n\n\n\n<p>Pra exercer profiss\u00e3o,<\/p>\n\n\n\n<p>&nbsp;&nbsp;&nbsp;&nbsp;&nbsp;&nbsp;&nbsp;&nbsp;&nbsp;&nbsp;&nbsp;&nbsp;&nbsp;&nbsp;&nbsp;&nbsp; X&nbsp;&nbsp;&nbsp;&nbsp;&nbsp;&nbsp;&nbsp;&nbsp;&nbsp;&nbsp;&nbsp;&nbsp;&nbsp;&nbsp;&nbsp;&nbsp;<\/p>\n\n\n\n<p>Implantada no Sert\u00e3o<\/p>\n\n\n\n<p>Onde tem as aroeiras<\/p>\n\n\n\n<p>Com cantar dos passarinhos<\/p>\n\n\n\n<p>Na flora tem catingueiras<\/p>\n\n\n\n<p>Um ar sem polui\u00e7\u00e3o<\/p>\n\n\n\n<p>A marca das ribanceiras.<\/p>\n\n\n\n<p>&nbsp;&nbsp;&nbsp;&nbsp;&nbsp;&nbsp;&nbsp;&nbsp;&nbsp;&nbsp;&nbsp;&nbsp;&nbsp;&nbsp;&nbsp; XI<\/p>\n\n\n\n<p>Terra das caraubeiras<\/p>\n\n\n\n<p>Ela assim \u00e9 conhecida<\/p>\n\n\n\n<p>Grupo da melhor idade<\/p>\n\n\n\n<p>Foi o ponto de partida<\/p>\n\n\n\n<p>Para levar essa marca<\/p>\n\n\n\n<p>Que por tantos \u00e9 seguida.<\/p>\n\n\n\n<p>&nbsp;&nbsp;&nbsp;&nbsp;&nbsp;&nbsp;&nbsp;&nbsp;&nbsp;&nbsp;&nbsp;&nbsp; XII<\/p>\n\n\n\n<p>E sempre ser\u00e1 erguida<\/p>\n\n\n\n<p>Com trabalho atraente<\/p>\n\n\n\n<p>Fa\u00e7o essa homenagem<\/p>\n\n\n\n<p>Por ser filho consciente<\/p>\n\n\n\n<p>De uma doce cidade<\/p>\n\n\n\n<p>Cara\u00fabas simplesmente.<\/p>\n\n\n\n<p>\u00a0\u00a0\u00a0\u00a0\u00a0\u00a0\u00a0\u00a0\u00a0\u00a0\u00a0\u00a0 Mossor\u00f3-RN, 07.07.2020 \u00a0\u00a0\u00a0\u00a0\u00a0\u00a0\u00a0\u00a0\u00a0\u00a0\u00a0\u00a0\u00a0\u00a0\u00a0\u00a0\u00a0\u00a0\u00a0\u00a0 Ilton Gurgel, poeta<\/p>\n","protected":false},"excerpt":{"rendered":"<p>Hoje, 30 de junho , o caraubense, poeta , o inteligente Ilton Gurgel celebrando a vida .. Poeta dos bons &#8230; Quero saud\u00e1-lo com uma de suas poesias ..sobre sua terra ber\u00e7o -CARA\u00daBAS. Parab\u00e9ns , pelo aniversario e pela importante mensagem para sua terra. CARA\u00daBAS SIMPLESMENTE &nbsp;&nbsp;&nbsp;&nbsp;&nbsp;&nbsp;&nbsp;&nbsp;&nbsp;&nbsp;&nbsp;&nbsp;&nbsp;&nbsp;&nbsp; I Nossa velha Cara\u00fabas T\u00e3o querida e amada <a href=\"https:\/\/wandilsonramalho.com.br\/blog\/?p=12339\">&#8230;<\/a><\/p>\n","protected":false},"author":2,"featured_media":12340,"comment_status":"open","ping_status":"open","sticky":false,"template":"","format":"standard","meta":{"_jetpack_memberships_contains_paid_content":false,"footnotes":""},"categories":[22],"tags":[],"class_list":["post-12339","post","type-post","status-publish","format-standard","has-post-thumbnail","hentry","category-aniversariantes"],"jetpack_featured_media_url":"https:\/\/i0.wp.com\/wandilsonramalho.com.br\/blog\/wp-content\/uploads\/2021\/06\/23795279_505555816494628_3172501418224064214_n-428x550-1.jpg?fit=336%2C432&ssl=1","jetpack_sharing_enabled":true,"_links":{"self":[{"href":"https:\/\/wandilsonramalho.com.br\/blog\/index.php?rest_route=\/wp\/v2\/posts\/12339","targetHints":{"allow":["GET"]}}],"collection":[{"href":"https:\/\/wandilsonramalho.com.br\/blog\/index.php?rest_route=\/wp\/v2\/posts"}],"about":[{"href":"https:\/\/wandilsonramalho.com.br\/blog\/index.php?rest_route=\/wp\/v2\/types\/post"}],"author":[{"embeddable":true,"href":"https:\/\/wandilsonramalho.com.br\/blog\/index.php?rest_route=\/wp\/v2\/users\/2"}],"replies":[{"embeddable":true,"href":"https:\/\/wandilsonramalho.com.br\/blog\/index.php?rest_route=%2Fwp%2Fv2%2Fcomments&post=12339"}],"version-history":[{"count":1,"href":"https:\/\/wandilsonramalho.com.br\/blog\/index.php?rest_route=\/wp\/v2\/posts\/12339\/revisions"}],"predecessor-version":[{"id":12341,"href":"https:\/\/wandilsonramalho.com.br\/blog\/index.php?rest_route=\/wp\/v2\/posts\/12339\/revisions\/12341"}],"wp:featuredmedia":[{"embeddable":true,"href":"https:\/\/wandilsonramalho.com.br\/blog\/index.php?rest_route=\/wp\/v2\/media\/12340"}],"wp:attachment":[{"href":"https:\/\/wandilsonramalho.com.br\/blog\/index.php?rest_route=%2Fwp%2Fv2%2Fmedia&parent=12339"}],"wp:term":[{"taxonomy":"category","embeddable":true,"href":"https:\/\/wandilsonramalho.com.br\/blog\/index.php?rest_route=%2Fwp%2Fv2%2Fcategories&post=12339"},{"taxonomy":"post_tag","embeddable":true,"href":"https:\/\/wandilsonramalho.com.br\/blog\/index.php?rest_route=%2Fwp%2Fv2%2Ftags&post=12339"}],"curies":[{"name":"wp","href":"https:\/\/api.w.org\/{rel}","templated":true}]}}