{"id":12262,"date":"2021-06-26T08:33:02","date_gmt":"2021-06-26T11:33:02","guid":{"rendered":"https:\/\/wandilsonramalho.com.br\/blog\/?p=12262"},"modified":"2021-06-26T08:33:04","modified_gmt":"2021-06-26T11:33:04","slug":"tim-tim-mada","status":"publish","type":"post","link":"https:\/\/wandilsonramalho.com.br\/blog\/?p=12262","title":{"rendered":"TIM-TIM, MAD\u00c1"},"content":{"rendered":"\n<p>Quem \u00e9 Mad\u00e1 ?<\/p>\n\n\n\n<p>Uma caraubense linda , que deixou h\u00e1 muitos anos esta terra amada e foi residir na capital do nosso Estado . Foi uma das compet\u00eancias da TVU , participou dos grupos de teatro , canta e sua voz \u00e9 suave , linda, fervorosa na f\u00e9 cat\u00f3lica , ama sua terra&nbsp; Cara\u00fabas e sua terra adotada Natal ..<\/p>\n\n\n\n<p>Uma filha exemplar, uma m\u00e3e cuidadosa que ama , irm\u00e3 maravilhosa , SOBRINHA QUE EU AMO , amiga mil.<\/p>\n\n\n\n<p>Hoje, \u00e9 seu anivers\u00e1rio !<br>Muita vida !<\/p>\n","protected":false},"excerpt":{"rendered":"<p>Quem \u00e9 Mad\u00e1 ? Uma caraubense linda , que deixou h\u00e1 muitos anos esta terra amada e foi residir na capital do nosso Estado . Foi uma das compet\u00eancias da TVU , participou dos grupos de teatro , canta e sua voz \u00e9 suave , linda, fervorosa na f\u00e9 cat\u00f3lica , ama sua terra&nbsp; Cara\u00fabas <a href=\"https:\/\/wandilsonramalho.com.br\/blog\/?p=12262\">&#8230;<\/a><\/p>\n","protected":false},"author":2,"featured_media":12263,"comment_status":"open","ping_status":"open","sticky":false,"template":"","format":"standard","meta":{"_jetpack_memberships_contains_paid_content":false,"footnotes":""},"categories":[22],"tags":[],"class_list":["post-12262","post","type-post","status-publish","format-standard","has-post-thumbnail","hentry","category-aniversariantes"],"jetpack_featured_media_url":"https:\/\/i0.wp.com\/wandilsonramalho.com.br\/blog\/wp-content\/uploads\/2021\/06\/11224602_10207036561706603_238500279194552793_o-2.jpg?fit=336%2C336&ssl=1","jetpack_sharing_enabled":true,"_links":{"self":[{"href":"https:\/\/wandilsonramalho.com.br\/blog\/index.php?rest_route=\/wp\/v2\/posts\/12262","targetHints":{"allow":["GET"]}}],"collection":[{"href":"https:\/\/wandilsonramalho.com.br\/blog\/index.php?rest_route=\/wp\/v2\/posts"}],"about":[{"href":"https:\/\/wandilsonramalho.com.br\/blog\/index.php?rest_route=\/wp\/v2\/types\/post"}],"author":[{"embeddable":true,"href":"https:\/\/wandilsonramalho.com.br\/blog\/index.php?rest_route=\/wp\/v2\/users\/2"}],"replies":[{"embeddable":true,"href":"https:\/\/wandilsonramalho.com.br\/blog\/index.php?rest_route=%2Fwp%2Fv2%2Fcomments&post=12262"}],"version-history":[{"count":1,"href":"https:\/\/wandilsonramalho.com.br\/blog\/index.php?rest_route=\/wp\/v2\/posts\/12262\/revisions"}],"predecessor-version":[{"id":12264,"href":"https:\/\/wandilsonramalho.com.br\/blog\/index.php?rest_route=\/wp\/v2\/posts\/12262\/revisions\/12264"}],"wp:featuredmedia":[{"embeddable":true,"href":"https:\/\/wandilsonramalho.com.br\/blog\/index.php?rest_route=\/wp\/v2\/media\/12263"}],"wp:attachment":[{"href":"https:\/\/wandilsonramalho.com.br\/blog\/index.php?rest_route=%2Fwp%2Fv2%2Fmedia&parent=12262"}],"wp:term":[{"taxonomy":"category","embeddable":true,"href":"https:\/\/wandilsonramalho.com.br\/blog\/index.php?rest_route=%2Fwp%2Fv2%2Fcategories&post=12262"},{"taxonomy":"post_tag","embeddable":true,"href":"https:\/\/wandilsonramalho.com.br\/blog\/index.php?rest_route=%2Fwp%2Fv2%2Ftags&post=12262"}],"curies":[{"name":"wp","href":"https:\/\/api.w.org\/{rel}","templated":true}]}}