{"id":12253,"date":"2021-06-26T01:27:00","date_gmt":"2021-06-26T04:27:00","guid":{"rendered":"https:\/\/wandilsonramalho.com.br\/blog\/?p=12253"},"modified":"2021-06-25T20:32:37","modified_gmt":"2021-06-25T23:32:37","slug":"vamos-cantar-hino-de-louvor-diogo-deveson-sera-ordenado-padre-hoje-hoje","status":"publish","type":"post","link":"https:\/\/wandilsonramalho.com.br\/blog\/?p=12253","title":{"rendered":"VAMOS CANTAR HINO DE LOUVOR !DIOGO DEVESON SER\u00c1 ORDENADO PADRE HOJE.HOJE!!!"},"content":{"rendered":"\n<p>Deus seja louvado!!<\/p>\n\n\n\n<p> Cara\u00fabas hoje  em festa! <\/p>\n\n\n\n<p>Ser\u00e1 a Ordena\u00e7\u00e3o presbiterial do di\u00e1cono Diogo Deveson filho desta terra amada , devoto fiel de S\u00e3o Sebasti\u00e3o e de sua igreja.. <\/p>\n\n\n\n<p>\u00c1s 17h, na Matriz de S\u00e3o Sebasti\u00e3o, a Diocese de Mossor\u00f3\u00a0 ordenando, sob a imposi\u00e7\u00e3o das m\u00e3os do bispo Diocesano, Dom Mariano Manzana, mais um padre para o servi\u00e7o da Igreja.<\/p>\n\n\n\n<p>Cara\u00fabas se alegra , os pais , o poeta Dami\u00e3o da Silva e F\u00e1tima Sousa est\u00e3o felizes .<\/p>\n\n\n\n<p>Como diz Santa Teresinha &#8220;Tudo \u00e9 gra\u00e7a&#8221;.<\/p>\n\n\n\n<p>Parab\u00e9ns, que Deus o ilumine !!<\/p>\n","protected":false},"excerpt":{"rendered":"<p>Deus seja louvado!! Cara\u00fabas hoje em festa! Ser\u00e1 a Ordena\u00e7\u00e3o presbiterial do di\u00e1cono Diogo Deveson filho desta terra amada , devoto fiel de S\u00e3o Sebasti\u00e3o e de sua igreja.. \u00c1s 17h, na Matriz de S\u00e3o Sebasti\u00e3o, a Diocese de Mossor\u00f3\u00a0 ordenando, sob a imposi\u00e7\u00e3o das m\u00e3os do bispo Diocesano, Dom Mariano Manzana, mais um padre <a href=\"https:\/\/wandilsonramalho.com.br\/blog\/?p=12253\">&#8230;<\/a><\/p>\n","protected":false},"author":2,"featured_media":12254,"comment_status":"open","ping_status":"open","sticky":false,"template":"","format":"standard","meta":{"_jetpack_memberships_contains_paid_content":false,"footnotes":""},"categories":[1],"tags":[],"class_list":["post-12253","post","type-post","status-publish","format-standard","has-post-thumbnail","hentry","category-uncategorized"],"jetpack_featured_media_url":"https:\/\/i0.wp.com\/wandilsonramalho.com.br\/blog\/wp-content\/uploads\/2021\/06\/diogo-deveson.jpg?fit=289%2C448&ssl=1","jetpack_sharing_enabled":true,"_links":{"self":[{"href":"https:\/\/wandilsonramalho.com.br\/blog\/index.php?rest_route=\/wp\/v2\/posts\/12253","targetHints":{"allow":["GET"]}}],"collection":[{"href":"https:\/\/wandilsonramalho.com.br\/blog\/index.php?rest_route=\/wp\/v2\/posts"}],"about":[{"href":"https:\/\/wandilsonramalho.com.br\/blog\/index.php?rest_route=\/wp\/v2\/types\/post"}],"author":[{"embeddable":true,"href":"https:\/\/wandilsonramalho.com.br\/blog\/index.php?rest_route=\/wp\/v2\/users\/2"}],"replies":[{"embeddable":true,"href":"https:\/\/wandilsonramalho.com.br\/blog\/index.php?rest_route=%2Fwp%2Fv2%2Fcomments&post=12253"}],"version-history":[{"count":2,"href":"https:\/\/wandilsonramalho.com.br\/blog\/index.php?rest_route=\/wp\/v2\/posts\/12253\/revisions"}],"predecessor-version":[{"id":12256,"href":"https:\/\/wandilsonramalho.com.br\/blog\/index.php?rest_route=\/wp\/v2\/posts\/12253\/revisions\/12256"}],"wp:featuredmedia":[{"embeddable":true,"href":"https:\/\/wandilsonramalho.com.br\/blog\/index.php?rest_route=\/wp\/v2\/media\/12254"}],"wp:attachment":[{"href":"https:\/\/wandilsonramalho.com.br\/blog\/index.php?rest_route=%2Fwp%2Fv2%2Fmedia&parent=12253"}],"wp:term":[{"taxonomy":"category","embeddable":true,"href":"https:\/\/wandilsonramalho.com.br\/blog\/index.php?rest_route=%2Fwp%2Fv2%2Fcategories&post=12253"},{"taxonomy":"post_tag","embeddable":true,"href":"https:\/\/wandilsonramalho.com.br\/blog\/index.php?rest_route=%2Fwp%2Fv2%2Ftags&post=12253"}],"curies":[{"name":"wp","href":"https:\/\/api.w.org\/{rel}","templated":true}]}}