{"id":12236,"date":"2021-06-23T00:46:00","date_gmt":"2021-06-23T03:46:00","guid":{"rendered":"https:\/\/wandilsonramalho.com.br\/blog\/?p=12236"},"modified":"2021-06-22T07:52:24","modified_gmt":"2021-06-22T10:52:24","slug":"anjo-de-deus","status":"publish","type":"post","link":"https:\/\/wandilsonramalho.com.br\/blog\/?p=12236","title":{"rendered":"ANJO DE DEUS .."},"content":{"rendered":"\n<p>Anjo de Deus, que sois a minha guarda,<br>e a quem fui confiado por celestial piedade, iluminai-me,<br>guardai-me, protegei-me, governai-me. Am\u00e9m.<\/p>\n\n\n\n<p>Em latim:<br>Angele Dei, qui custos es mei,<br>me tibi commissum pietate superna illumina,<br>custodi, rege et guberna. Amen.<\/p>\n\n\n\n<p>Fonte Associa\u00e7\u00e3o Evangelizar \u00e9 Preciso .<\/p>\n\n\n\n<p>Imagem:Meu Anjo &#8211; Paulo Roberto Gaefke &#8211; <\/p>\n","protected":false},"excerpt":{"rendered":"<p>Anjo de Deus, que sois a minha guarda,e a quem fui confiado por celestial piedade, iluminai-me,guardai-me, protegei-me, governai-me. Am\u00e9m. Em latim:Angele Dei, qui custos es mei,me tibi commissum pietate superna illumina,custodi, rege et guberna. Amen. Fonte Associa\u00e7\u00e3o Evangelizar \u00e9 Preciso . Imagem:Meu Anjo &#8211; Paulo Roberto Gaefke &#8211; <a href=\"https:\/\/wandilsonramalho.com.br\/blog\/?p=12236\">&#8230;<\/a><\/p>\n","protected":false},"author":2,"featured_media":12237,"comment_status":"open","ping_status":"open","sticky":false,"template":"","format":"standard","meta":{"_jetpack_memberships_contains_paid_content":false,"footnotes":""},"categories":[38],"tags":[],"class_list":["post-12236","post","type-post","status-publish","format-standard","has-post-thumbnail","hentry","category-especiais"],"jetpack_featured_media_url":"https:\/\/i0.wp.com\/wandilsonramalho.com.br\/blog\/wp-content\/uploads\/2021\/06\/haziel-anjo-da-reconciliacao.jpg?fit=640%2C349&ssl=1","jetpack_sharing_enabled":true,"_links":{"self":[{"href":"https:\/\/wandilsonramalho.com.br\/blog\/index.php?rest_route=\/wp\/v2\/posts\/12236","targetHints":{"allow":["GET"]}}],"collection":[{"href":"https:\/\/wandilsonramalho.com.br\/blog\/index.php?rest_route=\/wp\/v2\/posts"}],"about":[{"href":"https:\/\/wandilsonramalho.com.br\/blog\/index.php?rest_route=\/wp\/v2\/types\/post"}],"author":[{"embeddable":true,"href":"https:\/\/wandilsonramalho.com.br\/blog\/index.php?rest_route=\/wp\/v2\/users\/2"}],"replies":[{"embeddable":true,"href":"https:\/\/wandilsonramalho.com.br\/blog\/index.php?rest_route=%2Fwp%2Fv2%2Fcomments&post=12236"}],"version-history":[{"count":1,"href":"https:\/\/wandilsonramalho.com.br\/blog\/index.php?rest_route=\/wp\/v2\/posts\/12236\/revisions"}],"predecessor-version":[{"id":12238,"href":"https:\/\/wandilsonramalho.com.br\/blog\/index.php?rest_route=\/wp\/v2\/posts\/12236\/revisions\/12238"}],"wp:featuredmedia":[{"embeddable":true,"href":"https:\/\/wandilsonramalho.com.br\/blog\/index.php?rest_route=\/wp\/v2\/media\/12237"}],"wp:attachment":[{"href":"https:\/\/wandilsonramalho.com.br\/blog\/index.php?rest_route=%2Fwp%2Fv2%2Fmedia&parent=12236"}],"wp:term":[{"taxonomy":"category","embeddable":true,"href":"https:\/\/wandilsonramalho.com.br\/blog\/index.php?rest_route=%2Fwp%2Fv2%2Fcategories&post=12236"},{"taxonomy":"post_tag","embeddable":true,"href":"https:\/\/wandilsonramalho.com.br\/blog\/index.php?rest_route=%2Fwp%2Fv2%2Ftags&post=12236"}],"curies":[{"name":"wp","href":"https:\/\/api.w.org\/{rel}","templated":true}]}}