{"id":12172,"date":"2021-06-22T00:45:00","date_gmt":"2021-06-22T03:45:00","guid":{"rendered":"https:\/\/wandilsonramalho.com.br\/blog\/?p=12172"},"modified":"2021-06-18T14:56:17","modified_gmt":"2021-06-18T17:56:17","slug":"gratidao-5","status":"publish","type":"post","link":"https:\/\/wandilsonramalho.com.br\/blog\/?p=12172","title":{"rendered":"GRATID\u00c3O"},"content":{"rendered":"\n<p>Hoje eu acordei com o meu cora\u00e7\u00e3o grato a Deus pela vida, pela oportunidade de<br>recome\u00e7o, pela for\u00e7a que Ele me concede ,pela fam\u00edlia que tenho, pelo p\u00e3o que n\u00e3o falta<br>em minha mesa, pelo teto que me abriga e pelas pessoas que me cobrem de afetos<br>todos os dias.<\/p>\n\n\n\n<p>Cec\u00edlia Sfalsin <\/p>\n\n\n\n<p>FOTO :Isak Maia <\/p>\n\n\n\n\n","protected":false},"excerpt":{"rendered":"<p>Hoje eu acordei com o meu cora\u00e7\u00e3o grato a Deus pela vida, pela oportunidade derecome\u00e7o, pela for\u00e7a que Ele me concede ,pela fam\u00edlia que tenho, pelo p\u00e3o que n\u00e3o faltaem minha mesa, pelo teto que me abriga e pelas pessoas que me cobrem de afetostodos os dias. Cec\u00edlia Sfalsin FOTO :Isak Maia <a href=\"https:\/\/wandilsonramalho.com.br\/blog\/?p=12172\">&#8230;<\/a><\/p>\n","protected":false},"author":2,"featured_media":12173,"comment_status":"open","ping_status":"open","sticky":false,"template":"","format":"standard","meta":{"_jetpack_memberships_contains_paid_content":false,"footnotes":""},"categories":[2],"tags":[],"class_list":["post-12172","post","type-post","status-publish","format-standard","has-post-thumbnail","hentry","category-mensagens"],"jetpack_featured_media_url":"https:\/\/i0.wp.com\/wandilsonramalho.com.br\/blog\/wp-content\/uploads\/2021\/06\/iac-2.jpg?fit=960%2C1280&ssl=1","jetpack_sharing_enabled":true,"_links":{"self":[{"href":"https:\/\/wandilsonramalho.com.br\/blog\/index.php?rest_route=\/wp\/v2\/posts\/12172","targetHints":{"allow":["GET"]}}],"collection":[{"href":"https:\/\/wandilsonramalho.com.br\/blog\/index.php?rest_route=\/wp\/v2\/posts"}],"about":[{"href":"https:\/\/wandilsonramalho.com.br\/blog\/index.php?rest_route=\/wp\/v2\/types\/post"}],"author":[{"embeddable":true,"href":"https:\/\/wandilsonramalho.com.br\/blog\/index.php?rest_route=\/wp\/v2\/users\/2"}],"replies":[{"embeddable":true,"href":"https:\/\/wandilsonramalho.com.br\/blog\/index.php?rest_route=%2Fwp%2Fv2%2Fcomments&post=12172"}],"version-history":[{"count":2,"href":"https:\/\/wandilsonramalho.com.br\/blog\/index.php?rest_route=\/wp\/v2\/posts\/12172\/revisions"}],"predecessor-version":[{"id":12178,"href":"https:\/\/wandilsonramalho.com.br\/blog\/index.php?rest_route=\/wp\/v2\/posts\/12172\/revisions\/12178"}],"wp:featuredmedia":[{"embeddable":true,"href":"https:\/\/wandilsonramalho.com.br\/blog\/index.php?rest_route=\/wp\/v2\/media\/12173"}],"wp:attachment":[{"href":"https:\/\/wandilsonramalho.com.br\/blog\/index.php?rest_route=%2Fwp%2Fv2%2Fmedia&parent=12172"}],"wp:term":[{"taxonomy":"category","embeddable":true,"href":"https:\/\/wandilsonramalho.com.br\/blog\/index.php?rest_route=%2Fwp%2Fv2%2Fcategories&post=12172"},{"taxonomy":"post_tag","embeddable":true,"href":"https:\/\/wandilsonramalho.com.br\/blog\/index.php?rest_route=%2Fwp%2Fv2%2Ftags&post=12172"}],"curies":[{"name":"wp","href":"https:\/\/api.w.org\/{rel}","templated":true}]}}