{"id":12115,"date":"2021-06-15T01:24:00","date_gmt":"2021-06-15T04:24:00","guid":{"rendered":"https:\/\/wandilsonramalho.com.br\/blog\/?p=12115"},"modified":"2021-06-14T17:35:27","modified_gmt":"2021-06-14T20:35:27","slug":"29-anos-do-sindspumc-caraubas-rn","status":"publish","type":"post","link":"https:\/\/wandilsonramalho.com.br\/blog\/?p=12115","title":{"rendered":"29 ANOS DO SINDSPUMC-CARA\u00daBAS \/RN."},"content":{"rendered":"\n<p>Hoje, aplaudimos \u00a0SINDSPUMC\u00a0 de Cara\u00fabas que dia 13\u00a0 domingo celebrou 29 anos de sua hist\u00f3ria .<\/p>\n\n\n\n<p>Wesia Sena atual coordenadora se entrega com muito amor e carinho a causa deste sindicato . \u00c9 not\u00f3rio seu empenho suas lutas ,um testemunho de fidelidade as causas de todos os sindicalistas . <\/p>\n\n\n\n<p>Parab\u00e9ns, ao SINDSPUMC ..<\/p>\n","protected":false},"excerpt":{"rendered":"<p>Hoje, aplaudimos \u00a0SINDSPUMC\u00a0 de Cara\u00fabas que dia 13\u00a0 domingo celebrou 29 anos de sua hist\u00f3ria . Wesia Sena atual coordenadora se entrega com muito amor e carinho a causa deste sindicato . \u00c9 not\u00f3rio seu empenho suas lutas ,um testemunho de fidelidade as causas de todos os sindicalistas . Parab\u00e9ns, ao SINDSPUMC .. <a href=\"https:\/\/wandilsonramalho.com.br\/blog\/?p=12115\">&#8230;<\/a><\/p>\n","protected":false},"author":2,"featured_media":12122,"comment_status":"open","ping_status":"open","sticky":false,"template":"","format":"standard","meta":{"_jetpack_memberships_contains_paid_content":false,"footnotes":""},"categories":[18],"tags":[],"class_list":["post-12115","post","type-post","status-publish","format-standard","has-post-thumbnail","hentry","category-caraubas"],"jetpack_featured_media_url":"https:\/\/i0.wp.com\/wandilsonramalho.com.br\/blog\/wp-content\/uploads\/2021\/06\/122572271_2022747814526667_5483761934659298419_n.jpg?fit=336%2C346&ssl=1","jetpack_sharing_enabled":true,"_links":{"self":[{"href":"https:\/\/wandilsonramalho.com.br\/blog\/index.php?rest_route=\/wp\/v2\/posts\/12115","targetHints":{"allow":["GET"]}}],"collection":[{"href":"https:\/\/wandilsonramalho.com.br\/blog\/index.php?rest_route=\/wp\/v2\/posts"}],"about":[{"href":"https:\/\/wandilsonramalho.com.br\/blog\/index.php?rest_route=\/wp\/v2\/types\/post"}],"author":[{"embeddable":true,"href":"https:\/\/wandilsonramalho.com.br\/blog\/index.php?rest_route=\/wp\/v2\/users\/2"}],"replies":[{"embeddable":true,"href":"https:\/\/wandilsonramalho.com.br\/blog\/index.php?rest_route=%2Fwp%2Fv2%2Fcomments&post=12115"}],"version-history":[{"count":1,"href":"https:\/\/wandilsonramalho.com.br\/blog\/index.php?rest_route=\/wp\/v2\/posts\/12115\/revisions"}],"predecessor-version":[{"id":12123,"href":"https:\/\/wandilsonramalho.com.br\/blog\/index.php?rest_route=\/wp\/v2\/posts\/12115\/revisions\/12123"}],"wp:featuredmedia":[{"embeddable":true,"href":"https:\/\/wandilsonramalho.com.br\/blog\/index.php?rest_route=\/wp\/v2\/media\/12122"}],"wp:attachment":[{"href":"https:\/\/wandilsonramalho.com.br\/blog\/index.php?rest_route=%2Fwp%2Fv2%2Fmedia&parent=12115"}],"wp:term":[{"taxonomy":"category","embeddable":true,"href":"https:\/\/wandilsonramalho.com.br\/blog\/index.php?rest_route=%2Fwp%2Fv2%2Fcategories&post=12115"},{"taxonomy":"post_tag","embeddable":true,"href":"https:\/\/wandilsonramalho.com.br\/blog\/index.php?rest_route=%2Fwp%2Fv2%2Ftags&post=12115"}],"curies":[{"name":"wp","href":"https:\/\/api.w.org\/{rel}","templated":true}]}}