{"id":12112,"date":"2021-06-15T01:12:00","date_gmt":"2021-06-15T04:12:00","guid":{"rendered":"https:\/\/wandilsonramalho.com.br\/blog\/?p=12112"},"modified":"2021-06-14T17:24:26","modified_gmt":"2021-06-14T20:24:26","slug":"aplausos-para-o-padre-ikaro-drean-e-toda-a-equipe-maravilhosa-da-festa-de-santo-antonio","status":"publish","type":"post","link":"https:\/\/wandilsonramalho.com.br\/blog\/?p=12112","title":{"rendered":"APLAUSOS PARA O PADRE IKARO DRE\u00c2N E TODA A EQUIPE MARAVILHOSA DA FESTA DE SANTO ANTONIO .."},"content":{"rendered":"\n<p>Aplausos para todos que se doaram em prol da Festa de Santo Antonio padroeiro do Bairro Leandro Bezerra que aconteceu de 1 a 13 deste ..festa de sucesso , festa de luz , de muito louvor e muita ora\u00e7\u00e3o .<\/p>\n\n\n\n<p>Festa comandada pelo Padre Ikaro Dre\u00e2n junto com a comiss\u00e3o central \u00a0Erilene\u00a0 Ang\u00e9lica e Fernando \u00a0Garcia, Alcivan\u00a0 Viana e Josilene \u00a0Ferreira ,Iana\u00a0 Raissa e Francisco Alcivan (ALCIN ) e \u00a0RITA de C\u00e1ssia <\/p>\n\n\n\n<p>LEIL\u00c3O DE SANTO ANT\u00d4NIO<\/p>\n\n\n\n<p>*EQUIPE ORGANIZADORA* (Coordena\u00e7\u00e3o)<\/p>\n\n\n\n<p>1. ALCIVAN Viana e JOSILENE Ferreira,  Ant\u00f4nio NILTON e Rita MAR\u00cdLIA, GENEILDO Gurgel e LAURA Raquel, Adeilson DAVID, Jos\u00e9 RIBAMAR, RISOLENE Silva, JANA\u00cdNA Albuquerque<\/p>\n\n\n\n<p><strong>*Equipe de LEILOEIROS*<\/strong><\/p>\n\n\n\n<p>1&nbsp; Ant\u00f4nio Segundo (MEU TONHO)<\/p>\n\n\n\n<p>2. GUILHERME Ramalho<\/p>\n\n\n\n<p>3. EILSON Pimenta<\/p>\n\n\n\n<p>*Equipe de \u00c1udio e Transmi\u00e7\u00e3o*<\/p>\n\n\n\n<p>1. YAN Alves<\/p>\n\n\n\n<p>3. FABR\u00cdCIA Mayara<\/p>\n\n\n\n<p>2. NILSON Gomes<\/p>\n\n\n\n<p><strong>*Equipe de Atendimento ao P\u00fablico (Marketing)*<\/strong><\/p>\n\n\n\n<p>1. GEOVANA Emanuely<\/p>\n\n\n\n<p>2. ERILENE Ang\u00e9lica<\/p>\n\n\n\n\n","protected":false},"excerpt":{"rendered":"<p>Aplausos para todos que se doaram em prol da Festa de Santo Antonio padroeiro do Bairro Leandro Bezerra que aconteceu de 1 a 13 deste ..festa de sucesso , festa de luz , de muito louvor e muita ora\u00e7\u00e3o . Festa comandada pelo Padre Ikaro Dre\u00e2n junto com a comiss\u00e3o central \u00a0Erilene\u00a0 Ang\u00e9lica e Fernando <a href=\"https:\/\/wandilsonramalho.com.br\/blog\/?p=12112\">&#8230;<\/a><\/p>\n","protected":false},"author":2,"featured_media":12113,"comment_status":"open","ping_status":"open","sticky":false,"template":"","format":"standard","meta":{"_jetpack_memberships_contains_paid_content":false,"footnotes":""},"categories":[18],"tags":[],"class_list":["post-12112","post","type-post","status-publish","format-standard","has-post-thumbnail","hentry","category-caraubas"],"jetpack_featured_media_url":"https:\/\/i0.wp.com\/wandilsonramalho.com.br\/blog\/wp-content\/uploads\/2021\/06\/foto-equipe.jpg?fit=640%2C195&ssl=1","jetpack_sharing_enabled":true,"_links":{"self":[{"href":"https:\/\/wandilsonramalho.com.br\/blog\/index.php?rest_route=\/wp\/v2\/posts\/12112","targetHints":{"allow":["GET"]}}],"collection":[{"href":"https:\/\/wandilsonramalho.com.br\/blog\/index.php?rest_route=\/wp\/v2\/posts"}],"about":[{"href":"https:\/\/wandilsonramalho.com.br\/blog\/index.php?rest_route=\/wp\/v2\/types\/post"}],"author":[{"embeddable":true,"href":"https:\/\/wandilsonramalho.com.br\/blog\/index.php?rest_route=\/wp\/v2\/users\/2"}],"replies":[{"embeddable":true,"href":"https:\/\/wandilsonramalho.com.br\/blog\/index.php?rest_route=%2Fwp%2Fv2%2Fcomments&post=12112"}],"version-history":[{"count":1,"href":"https:\/\/wandilsonramalho.com.br\/blog\/index.php?rest_route=\/wp\/v2\/posts\/12112\/revisions"}],"predecessor-version":[{"id":12114,"href":"https:\/\/wandilsonramalho.com.br\/blog\/index.php?rest_route=\/wp\/v2\/posts\/12112\/revisions\/12114"}],"wp:featuredmedia":[{"embeddable":true,"href":"https:\/\/wandilsonramalho.com.br\/blog\/index.php?rest_route=\/wp\/v2\/media\/12113"}],"wp:attachment":[{"href":"https:\/\/wandilsonramalho.com.br\/blog\/index.php?rest_route=%2Fwp%2Fv2%2Fmedia&parent=12112"}],"wp:term":[{"taxonomy":"category","embeddable":true,"href":"https:\/\/wandilsonramalho.com.br\/blog\/index.php?rest_route=%2Fwp%2Fv2%2Fcategories&post=12112"},{"taxonomy":"post_tag","embeddable":true,"href":"https:\/\/wandilsonramalho.com.br\/blog\/index.php?rest_route=%2Fwp%2Fv2%2Ftags&post=12112"}],"curies":[{"name":"wp","href":"https:\/\/api.w.org\/{rel}","templated":true}]}}