{"id":12087,"date":"2021-06-14T01:35:00","date_gmt":"2021-06-14T04:35:00","guid":{"rendered":"https:\/\/wandilsonramalho.com.br\/blog\/?p=12087"},"modified":"2021-06-13T16:39:54","modified_gmt":"2021-06-13T19:39:54","slug":"tadeu-benevidesparabens","status":"publish","type":"post","link":"https:\/\/wandilsonramalho.com.br\/blog\/?p=12087","title":{"rendered":"TADEU BENEVIDES,PARAB\u00c9NS!!"},"content":{"rendered":"\n<p>Chefe Tadeu Benevides&#8230; muitos vivas.<\/p>\n\n\n\n<p>Gente, o Coron\u00e9 Laranjeira , que comanda o programa de forr\u00f3 nas tardes de segunda a s\u00e1bado na Lideran\u00e7a FM merecendo hoje todos os vivas pelo seu anivers\u00e1rio .<\/p>\n","protected":false},"excerpt":{"rendered":"<p>Chefe Tadeu Benevides&#8230; muitos vivas. Gente, o Coron\u00e9 Laranjeira , que comanda o programa de forr\u00f3 nas tardes de segunda a s\u00e1bado na Lideran\u00e7a FM merecendo hoje todos os vivas pelo seu anivers\u00e1rio . <a href=\"https:\/\/wandilsonramalho.com.br\/blog\/?p=12087\">&#8230;<\/a><\/p>\n","protected":false},"author":2,"featured_media":12089,"comment_status":"open","ping_status":"open","sticky":false,"template":"","format":"standard","meta":{"_jetpack_memberships_contains_paid_content":false,"footnotes":""},"categories":[22],"tags":[],"class_list":["post-12087","post","type-post","status-publish","format-standard","has-post-thumbnail","hentry","category-aniversariantes"],"jetpack_featured_media_url":"https:\/\/i0.wp.com\/wandilsonramalho.com.br\/blog\/wp-content\/uploads\/2021\/06\/f04-tadeu-benevides.jpg?fit=336%2C407&ssl=1","jetpack_sharing_enabled":true,"_links":{"self":[{"href":"https:\/\/wandilsonramalho.com.br\/blog\/index.php?rest_route=\/wp\/v2\/posts\/12087","targetHints":{"allow":["GET"]}}],"collection":[{"href":"https:\/\/wandilsonramalho.com.br\/blog\/index.php?rest_route=\/wp\/v2\/posts"}],"about":[{"href":"https:\/\/wandilsonramalho.com.br\/blog\/index.php?rest_route=\/wp\/v2\/types\/post"}],"author":[{"embeddable":true,"href":"https:\/\/wandilsonramalho.com.br\/blog\/index.php?rest_route=\/wp\/v2\/users\/2"}],"replies":[{"embeddable":true,"href":"https:\/\/wandilsonramalho.com.br\/blog\/index.php?rest_route=%2Fwp%2Fv2%2Fcomments&post=12087"}],"version-history":[{"count":1,"href":"https:\/\/wandilsonramalho.com.br\/blog\/index.php?rest_route=\/wp\/v2\/posts\/12087\/revisions"}],"predecessor-version":[{"id":12090,"href":"https:\/\/wandilsonramalho.com.br\/blog\/index.php?rest_route=\/wp\/v2\/posts\/12087\/revisions\/12090"}],"wp:featuredmedia":[{"embeddable":true,"href":"https:\/\/wandilsonramalho.com.br\/blog\/index.php?rest_route=\/wp\/v2\/media\/12089"}],"wp:attachment":[{"href":"https:\/\/wandilsonramalho.com.br\/blog\/index.php?rest_route=%2Fwp%2Fv2%2Fmedia&parent=12087"}],"wp:term":[{"taxonomy":"category","embeddable":true,"href":"https:\/\/wandilsonramalho.com.br\/blog\/index.php?rest_route=%2Fwp%2Fv2%2Fcategories&post=12087"},{"taxonomy":"post_tag","embeddable":true,"href":"https:\/\/wandilsonramalho.com.br\/blog\/index.php?rest_route=%2Fwp%2Fv2%2Ftags&post=12087"}],"curies":[{"name":"wp","href":"https:\/\/api.w.org\/{rel}","templated":true}]}}