{"id":12081,"date":"2021-06-13T08:14:54","date_gmt":"2021-06-13T11:14:54","guid":{"rendered":"https:\/\/wandilsonramalho.com.br\/blog\/?p=12081"},"modified":"2021-06-13T08:14:56","modified_gmt":"2021-06-13T11:14:56","slug":"parabens-vivas-para-o-padre-fred-gurgel","status":"publish","type":"post","link":"https:\/\/wandilsonramalho.com.br\/blog\/?p=12081","title":{"rendered":"PARAB\u00c9NS, VIVAS PARA O PADRE FRED GURGEL"},"content":{"rendered":"\n<p>O Padre Fred Gurgel merecendo todos os vivas pelo seu anivers\u00e1rio .<\/p>\n\n\n\n<p>Fervoroso na f\u00e9 que exemplifica com seu exemplo, cuida do seu caminho trilhado na f\u00e9 cat\u00f3lica .<\/p>\n\n\n\n<p>Amigo, gente fina, que Cara\u00fabas e os paroquianos da S\u00e3o Jo\u00e3o Batista em Cupira \/PE aplaudem !<\/p>\n","protected":false},"excerpt":{"rendered":"<p>O Padre Fred Gurgel merecendo todos os vivas pelo seu anivers\u00e1rio . Fervoroso na f\u00e9 que exemplifica com seu exemplo, cuida do seu caminho trilhado na f\u00e9 cat\u00f3lica . Amigo, gente fina, que Cara\u00fabas e os paroquianos da S\u00e3o Jo\u00e3o Batista em Cupira \/PE aplaudem ! <a href=\"https:\/\/wandilsonramalho.com.br\/blog\/?p=12081\">&#8230;<\/a><\/p>\n","protected":false},"author":2,"featured_media":12082,"comment_status":"open","ping_status":"open","sticky":false,"template":"","format":"standard","meta":{"_jetpack_memberships_contains_paid_content":false,"footnotes":""},"categories":[22],"tags":[],"class_list":["post-12081","post","type-post","status-publish","format-standard","has-post-thumbnail","hentry","category-aniversariantes"],"jetpack_featured_media_url":"https:\/\/i0.wp.com\/wandilsonramalho.com.br\/blog\/wp-content\/uploads\/2021\/06\/img-20190611-wa0036.jpg?fit=299%2C448&ssl=1","jetpack_sharing_enabled":true,"_links":{"self":[{"href":"https:\/\/wandilsonramalho.com.br\/blog\/index.php?rest_route=\/wp\/v2\/posts\/12081","targetHints":{"allow":["GET"]}}],"collection":[{"href":"https:\/\/wandilsonramalho.com.br\/blog\/index.php?rest_route=\/wp\/v2\/posts"}],"about":[{"href":"https:\/\/wandilsonramalho.com.br\/blog\/index.php?rest_route=\/wp\/v2\/types\/post"}],"author":[{"embeddable":true,"href":"https:\/\/wandilsonramalho.com.br\/blog\/index.php?rest_route=\/wp\/v2\/users\/2"}],"replies":[{"embeddable":true,"href":"https:\/\/wandilsonramalho.com.br\/blog\/index.php?rest_route=%2Fwp%2Fv2%2Fcomments&post=12081"}],"version-history":[{"count":1,"href":"https:\/\/wandilsonramalho.com.br\/blog\/index.php?rest_route=\/wp\/v2\/posts\/12081\/revisions"}],"predecessor-version":[{"id":12083,"href":"https:\/\/wandilsonramalho.com.br\/blog\/index.php?rest_route=\/wp\/v2\/posts\/12081\/revisions\/12083"}],"wp:featuredmedia":[{"embeddable":true,"href":"https:\/\/wandilsonramalho.com.br\/blog\/index.php?rest_route=\/wp\/v2\/media\/12082"}],"wp:attachment":[{"href":"https:\/\/wandilsonramalho.com.br\/blog\/index.php?rest_route=%2Fwp%2Fv2%2Fmedia&parent=12081"}],"wp:term":[{"taxonomy":"category","embeddable":true,"href":"https:\/\/wandilsonramalho.com.br\/blog\/index.php?rest_route=%2Fwp%2Fv2%2Fcategories&post=12081"},{"taxonomy":"post_tag","embeddable":true,"href":"https:\/\/wandilsonramalho.com.br\/blog\/index.php?rest_route=%2Fwp%2Fv2%2Ftags&post=12081"}],"curies":[{"name":"wp","href":"https:\/\/api.w.org\/{rel}","templated":true}]}}