{"id":12039,"date":"2021-06-10T10:41:50","date_gmt":"2021-06-10T13:41:50","guid":{"rendered":"https:\/\/wandilsonramalho.com.br\/blog\/?p=12039"},"modified":"2021-06-10T10:41:52","modified_gmt":"2021-06-10T13:41:52","slug":"convite-missa-e-sepultamento-de-maria-luzinete-de-lima-veras-liinha","status":"publish","type":"post","link":"https:\/\/wandilsonramalho.com.br\/blog\/?p=12039","title":{"rendered":"CONVITE MISSA E SEPULTAMENTO DE MARIA LUZINETE DE LIMA VERAS .(LIINHA )."},"content":{"rendered":"\n<p>A sra Maria Luzinete mais conhecida por Liinha partiu a chamado do Pai.<\/p>\n\n\n\n<p>O seu irm\u00e3o dr. Jos\u00e9 Evangelista de Lima e demais familiares convidam para a Missa e sepultamento em Catol\u00e9 do Rocha ..<\/p>\n\n\n\n<p>Hoje, \u00e1s 16 horas &#8230;<\/p>\n\n\n\n<p>Para os familiares, o nosso maior abra\u00e7o ..a nossa solidariedade e muita luz, f\u00e9 , Deus !!<\/p>\n\n\n\n<p>Partiu, Liinha !!A nossa ora\u00e7\u00e3o silenciosa !<\/p>\n","protected":false},"excerpt":{"rendered":"<p>A sra Maria Luzinete mais conhecida por Liinha partiu a chamado do Pai. O seu irm\u00e3o dr. Jos\u00e9 Evangelista de Lima e demais familiares convidam para a Missa e sepultamento em Catol\u00e9 do Rocha .. Hoje, \u00e1s 16 horas &#8230; Para os familiares, o nosso maior abra\u00e7o ..a nossa solidariedade e muita luz, f\u00e9 , <a href=\"https:\/\/wandilsonramalho.com.br\/blog\/?p=12039\">&#8230;<\/a><\/p>\n","protected":false},"author":2,"featured_media":12040,"comment_status":"open","ping_status":"open","sticky":false,"template":"","format":"standard","meta":{"_jetpack_memberships_contains_paid_content":false,"footnotes":""},"categories":[30],"tags":[],"class_list":["post-12039","post","type-post","status-publish","format-standard","has-post-thumbnail","hentry","category-avisos"],"jetpack_featured_media_url":"https:\/\/i0.wp.com\/wandilsonramalho.com.br\/blog\/wp-content\/uploads\/2021\/06\/VLORIO.jpg?fit=480%2C480&ssl=1","jetpack_sharing_enabled":true,"_links":{"self":[{"href":"https:\/\/wandilsonramalho.com.br\/blog\/index.php?rest_route=\/wp\/v2\/posts\/12039","targetHints":{"allow":["GET"]}}],"collection":[{"href":"https:\/\/wandilsonramalho.com.br\/blog\/index.php?rest_route=\/wp\/v2\/posts"}],"about":[{"href":"https:\/\/wandilsonramalho.com.br\/blog\/index.php?rest_route=\/wp\/v2\/types\/post"}],"author":[{"embeddable":true,"href":"https:\/\/wandilsonramalho.com.br\/blog\/index.php?rest_route=\/wp\/v2\/users\/2"}],"replies":[{"embeddable":true,"href":"https:\/\/wandilsonramalho.com.br\/blog\/index.php?rest_route=%2Fwp%2Fv2%2Fcomments&post=12039"}],"version-history":[{"count":1,"href":"https:\/\/wandilsonramalho.com.br\/blog\/index.php?rest_route=\/wp\/v2\/posts\/12039\/revisions"}],"predecessor-version":[{"id":12041,"href":"https:\/\/wandilsonramalho.com.br\/blog\/index.php?rest_route=\/wp\/v2\/posts\/12039\/revisions\/12041"}],"wp:featuredmedia":[{"embeddable":true,"href":"https:\/\/wandilsonramalho.com.br\/blog\/index.php?rest_route=\/wp\/v2\/media\/12040"}],"wp:attachment":[{"href":"https:\/\/wandilsonramalho.com.br\/blog\/index.php?rest_route=%2Fwp%2Fv2%2Fmedia&parent=12039"}],"wp:term":[{"taxonomy":"category","embeddable":true,"href":"https:\/\/wandilsonramalho.com.br\/blog\/index.php?rest_route=%2Fwp%2Fv2%2Fcategories&post=12039"},{"taxonomy":"post_tag","embeddable":true,"href":"https:\/\/wandilsonramalho.com.br\/blog\/index.php?rest_route=%2Fwp%2Fv2%2Ftags&post=12039"}],"curies":[{"name":"wp","href":"https:\/\/api.w.org\/{rel}","templated":true}]}}