{"id":12014,"date":"2021-06-08T01:02:00","date_gmt":"2021-06-08T04:02:00","guid":{"rendered":"https:\/\/wandilsonramalho.com.br\/blog\/?p=12014"},"modified":"2021-06-07T20:08:43","modified_gmt":"2021-06-07T23:08:43","slug":"meu-palco","status":"publish","type":"post","link":"https:\/\/wandilsonramalho.com.br\/blog\/?p=12014","title":{"rendered":"MEU PALCO"},"content":{"rendered":"\n<p>A TCM TELECOM valorizando sempre a cultura e destacando os talentos dos grandes artistas de Mossor\u00f3.\u00a0<\/p>\n\n\n\n<p> Sexta feira 21 estreou a s\u00e9rie Meu Palco,com apresenta\u00e7\u00e3o da jornalista Luiza a Gurgel.<\/p>\n\n\n\n<p> A espetacular s\u00e9rie \u00e9 exibida todas as sextas \u00a0\u00e0s 18h30 no Jornal da TCM\u00a0 tendo como\u00a0 palco\u00a0 o\u00a0 Teatro Dix Huit Rosado .<\/p>\n\n\n\n<p>Os tr\u00eas primeiros entrevistados foram os renomados artistas \u00a0a atriz Tony Silva, Chico Window, Diretor do Teatro Dix-Huit Rosado e \u00a0o\u00a0 Escravo da Arte .<\/p>\n\n\n\n<p>A foto :Luiza Gurgel e sua irm\u00e3 Beatriz Gurgel(Bia) \u00a0que no pr\u00f3ximo domingo far\u00e1 sua apresenta\u00e7\u00e3o no The Voice Kids . S\u00f3 artistas .<\/p>\n\n\n\n<p>Aplausos!!<\/p>\n","protected":false},"excerpt":{"rendered":"<p>A TCM TELECOM valorizando sempre a cultura e destacando os talentos dos grandes artistas de Mossor\u00f3.\u00a0 Sexta feira 21 estreou a s\u00e9rie Meu Palco,com apresenta\u00e7\u00e3o da jornalista Luiza a Gurgel. A espetacular s\u00e9rie \u00e9 exibida todas as sextas \u00a0\u00e0s 18h30 no Jornal da TCM\u00a0 tendo como\u00a0 palco\u00a0 o\u00a0 Teatro Dix Huit Rosado . Os tr\u00eas <a href=\"https:\/\/wandilsonramalho.com.br\/blog\/?p=12014\">&#8230;<\/a><\/p>\n","protected":false},"author":2,"featured_media":12015,"comment_status":"open","ping_status":"open","sticky":false,"template":"","format":"standard","meta":{"_jetpack_memberships_contains_paid_content":false,"footnotes":""},"categories":[38],"tags":[],"class_list":["post-12014","post","type-post","status-publish","format-standard","has-post-thumbnail","hentry","category-especiais"],"jetpack_featured_media_url":"https:\/\/i0.wp.com\/wandilsonramalho.com.br\/blog\/wp-content\/uploads\/2021\/06\/f04-luiza-e-bia.jpg?fit=556%2C383&ssl=1","jetpack_sharing_enabled":true,"_links":{"self":[{"href":"https:\/\/wandilsonramalho.com.br\/blog\/index.php?rest_route=\/wp\/v2\/posts\/12014","targetHints":{"allow":["GET"]}}],"collection":[{"href":"https:\/\/wandilsonramalho.com.br\/blog\/index.php?rest_route=\/wp\/v2\/posts"}],"about":[{"href":"https:\/\/wandilsonramalho.com.br\/blog\/index.php?rest_route=\/wp\/v2\/types\/post"}],"author":[{"embeddable":true,"href":"https:\/\/wandilsonramalho.com.br\/blog\/index.php?rest_route=\/wp\/v2\/users\/2"}],"replies":[{"embeddable":true,"href":"https:\/\/wandilsonramalho.com.br\/blog\/index.php?rest_route=%2Fwp%2Fv2%2Fcomments&post=12014"}],"version-history":[{"count":1,"href":"https:\/\/wandilsonramalho.com.br\/blog\/index.php?rest_route=\/wp\/v2\/posts\/12014\/revisions"}],"predecessor-version":[{"id":12016,"href":"https:\/\/wandilsonramalho.com.br\/blog\/index.php?rest_route=\/wp\/v2\/posts\/12014\/revisions\/12016"}],"wp:featuredmedia":[{"embeddable":true,"href":"https:\/\/wandilsonramalho.com.br\/blog\/index.php?rest_route=\/wp\/v2\/media\/12015"}],"wp:attachment":[{"href":"https:\/\/wandilsonramalho.com.br\/blog\/index.php?rest_route=%2Fwp%2Fv2%2Fmedia&parent=12014"}],"wp:term":[{"taxonomy":"category","embeddable":true,"href":"https:\/\/wandilsonramalho.com.br\/blog\/index.php?rest_route=%2Fwp%2Fv2%2Fcategories&post=12014"},{"taxonomy":"post_tag","embeddable":true,"href":"https:\/\/wandilsonramalho.com.br\/blog\/index.php?rest_route=%2Fwp%2Fv2%2Ftags&post=12014"}],"curies":[{"name":"wp","href":"https:\/\/api.w.org\/{rel}","templated":true}]}}