{"id":11903,"date":"2021-06-03T00:29:00","date_gmt":"2021-06-03T03:29:00","guid":{"rendered":"https:\/\/wandilsonramalho.com.br\/blog\/?p=11903"},"modified":"2021-06-02T18:11:54","modified_gmt":"2021-06-02T21:11:54","slug":"corpus-christi","status":"publish","type":"post","link":"https:\/\/wandilsonramalho.com.br\/blog\/?p=11903","title":{"rendered":"CORPUS CHRISTI.."},"content":{"rendered":"\n<p><strong>Hoje, dia de &#8220;Corpus Christi&#8221;<\/strong> <strong>, uma \u00a0data celebrada pela Igreja Cat\u00f3lica..<\/strong><\/p>\n\n\n\n<p><strong>Dia de celebrar,a eucaristia, sacramento cat\u00f3lico que relembra a \u00faltima Ceia&#8230;.<\/strong><\/p>\n\n\n\n<p><strong>A tradi\u00e7\u00e3o em diversas cidades brasileiras  \u00e9 a confec\u00e7\u00e3o de tapetes. <\/strong><\/p>\n\n\n\n<p> <strong>Aqui na Matriz de S\u00e3o Sebasti\u00e3o a adora\u00e7\u00e3o ao Santissimo Sacramento (presencial ) ser\u00e1 das 8 \u00e0s 16h30m e \u00e0s 17 horas a Missa Solene presidida pelo Padre Ikaro Dre\u00e2n .<\/strong><\/p>\n\n\n\n<p><strong>Hoje, n\u00f3s caraubenses estaremos  conectados em ora\u00e7\u00e3o, em casa e participando da Missa pelas redes sociais .<\/strong><\/p>\n\n\n\n<p><strong>Vamos cantar esse trecho ..<\/strong><\/p>\n\n\n\n<p> <strong>Me chamaste para caminhar na vida contigo. \u00a0\u00a0\u00a0<\/strong><\/p>\n\n\n\n<p><strong>\u00a0\u00a0\u00a0Decidi para sempre seguir-te e n\u00e3o voltar atr\u00e1s. \u00a0\u00a0\u00a0\u00a0\u00a0\u00a0\u00a0\u00a0<\/strong><\/p>\n\n\n\n<p><strong>\u00a0\u00a0\u00a0\u00a0\u00a0\u00a0\u00a0\u00a0\u00a0\u00a0\u00a0\u00a0\u00a0\u00a0\u00a0\u00a0\u00a0\u00a0\u00a0\u00a0\u00a0\u00a0\u00a0\u00a0<\/strong> <strong>Me puseste uma brasa no peito e uma flecha na alma. \u00a0\u00a0\u00a0\u00a0\u00a0\u00a0\u00a0<\/strong><\/p>\n\n\n\n<p><strong> \u00a0\u00a0\u00a0\u00a0\u00a0\u00a0\u00a0\u00a0\u00a0\u00a0\u00a0\u00a0\u00a0\u00a0\u00a0\u00a0\u00a0<\/strong> <strong>\u00c9 dif\u00edcil agora viver sem lembrar-me de ti.<\/strong><br><strong>\u00a0\u00a0\u00a0\u00a0\u00a0\u00a0\u00a0\u00a0\u00a0\u00a0\u00a0\u00a0\u00a0\u00a0\u00a0Em Te amarei, Senhor. Te amarei, Senhor.<\/strong><\/p>\n\n\n\n\n","protected":false},"excerpt":{"rendered":"<p>Hoje, dia de &#8220;Corpus Christi&#8221; , uma \u00a0data celebrada pela Igreja Cat\u00f3lica.. Dia de celebrar,a eucaristia, sacramento cat\u00f3lico que relembra a \u00faltima Ceia&#8230;. A tradi\u00e7\u00e3o em diversas cidades brasileiras \u00e9 a confec\u00e7\u00e3o de tapetes. Aqui na Matriz de S\u00e3o Sebasti\u00e3o a adora\u00e7\u00e3o ao Santissimo Sacramento (presencial ) ser\u00e1 das 8 \u00e0s 16h30m e \u00e0s 17 <a href=\"https:\/\/wandilsonramalho.com.br\/blog\/?p=11903\">&#8230;<\/a><\/p>\n","protected":false},"author":2,"featured_media":11904,"comment_status":"open","ping_status":"open","sticky":false,"template":"","format":"standard","meta":{"_jetpack_memberships_contains_paid_content":false,"footnotes":""},"categories":[38],"tags":[],"class_list":["post-11903","post","type-post","status-publish","format-standard","has-post-thumbnail","hentry","category-especiais"],"jetpack_featured_media_url":"https:\/\/i0.wp.com\/wandilsonramalho.com.br\/blog\/wp-content\/uploads\/2021\/06\/CorpusChristi_Destaque2.jpg?fit=268%2C448&ssl=1","jetpack_sharing_enabled":true,"_links":{"self":[{"href":"https:\/\/wandilsonramalho.com.br\/blog\/index.php?rest_route=\/wp\/v2\/posts\/11903","targetHints":{"allow":["GET"]}}],"collection":[{"href":"https:\/\/wandilsonramalho.com.br\/blog\/index.php?rest_route=\/wp\/v2\/posts"}],"about":[{"href":"https:\/\/wandilsonramalho.com.br\/blog\/index.php?rest_route=\/wp\/v2\/types\/post"}],"author":[{"embeddable":true,"href":"https:\/\/wandilsonramalho.com.br\/blog\/index.php?rest_route=\/wp\/v2\/users\/2"}],"replies":[{"embeddable":true,"href":"https:\/\/wandilsonramalho.com.br\/blog\/index.php?rest_route=%2Fwp%2Fv2%2Fcomments&post=11903"}],"version-history":[{"count":2,"href":"https:\/\/wandilsonramalho.com.br\/blog\/index.php?rest_route=\/wp\/v2\/posts\/11903\/revisions"}],"predecessor-version":[{"id":11906,"href":"https:\/\/wandilsonramalho.com.br\/blog\/index.php?rest_route=\/wp\/v2\/posts\/11903\/revisions\/11906"}],"wp:featuredmedia":[{"embeddable":true,"href":"https:\/\/wandilsonramalho.com.br\/blog\/index.php?rest_route=\/wp\/v2\/media\/11904"}],"wp:attachment":[{"href":"https:\/\/wandilsonramalho.com.br\/blog\/index.php?rest_route=%2Fwp%2Fv2%2Fmedia&parent=11903"}],"wp:term":[{"taxonomy":"category","embeddable":true,"href":"https:\/\/wandilsonramalho.com.br\/blog\/index.php?rest_route=%2Fwp%2Fv2%2Fcategories&post=11903"},{"taxonomy":"post_tag","embeddable":true,"href":"https:\/\/wandilsonramalho.com.br\/blog\/index.php?rest_route=%2Fwp%2Fv2%2Ftags&post=11903"}],"curies":[{"name":"wp","href":"https:\/\/api.w.org\/{rel}","templated":true}]}}