{"id":11885,"date":"2021-06-03T01:41:00","date_gmt":"2021-06-03T04:41:00","guid":{"rendered":"https:\/\/wandilsonramalho.com.br\/blog\/?p=11885"},"modified":"2021-06-02T17:24:33","modified_gmt":"2021-06-02T20:24:33","slug":"cordel","status":"publish","type":"post","link":"https:\/\/wandilsonramalho.com.br\/blog\/?p=11885","title":{"rendered":"CORDEL"},"content":{"rendered":"\n<p><strong>As inscri\u00e7\u00f5es est\u00e3o abertas at\u00e9 o dia 10 de junho&nbsp; para o Pr\u00eamio Ant\u00f4nio Francisco de Literatura de Cordel.<\/strong><\/p>\n\n\n\n<p>Qual a<strong> finalidade primordial? Bem, \u00e9  de &nbsp;estimular a leitura e a produ\u00e7\u00e3o liter\u00e1ria, para fortalecer  a identidade cultural no Rio Grande do Norte .<\/strong><\/p>\n\n\n\n<p><strong>Quem assina? O &nbsp;Projeto Casa das Palavras .<\/strong><\/p>\n\n\n\n<p><strong> E mais ter\u00e1  12 mil em pr\u00eamios e ser\u00e1 virtual. <\/strong><\/p>\n\n\n\n<p><strong>O &nbsp;pr\u00eamio homenageia o mestre Ant\u00f4nio Francisco, nome reconhecido nacionalmente como um dos grandes poetas vivos do Brasil. O tema desta primeira edi\u00e7\u00e3o ser\u00e1 \u201cO sonho de cada um e quando todos sonham juntos \u201c.<\/strong><\/p>\n","protected":false},"excerpt":{"rendered":"<p>As inscri\u00e7\u00f5es est\u00e3o abertas at\u00e9 o dia 10 de junho&nbsp; para o Pr\u00eamio Ant\u00f4nio Francisco de Literatura de Cordel. Qual a finalidade primordial? Bem, \u00e9 de &nbsp;estimular a leitura e a produ\u00e7\u00e3o liter\u00e1ria, para fortalecer a identidade cultural no Rio Grande do Norte . Quem assina? O &nbsp;Projeto Casa das Palavras . E mais ter\u00e1 <a href=\"https:\/\/wandilsonramalho.com.br\/blog\/?p=11885\">&#8230;<\/a><\/p>\n","protected":false},"author":2,"featured_media":11892,"comment_status":"open","ping_status":"open","sticky":false,"template":"","format":"standard","meta":{"_jetpack_memberships_contains_paid_content":false,"footnotes":""},"categories":[1],"tags":[],"class_list":["post-11885","post","type-post","status-publish","format-standard","has-post-thumbnail","hentry","category-uncategorized"],"jetpack_featured_media_url":"https:\/\/i0.wp.com\/wandilsonramalho.com.br\/blog\/wp-content\/uploads\/2021\/06\/Logo-Premio-Antonio-Francisco-718x1024-1.jpg?fit=314%2C448&ssl=1","jetpack_sharing_enabled":true,"_links":{"self":[{"href":"https:\/\/wandilsonramalho.com.br\/blog\/index.php?rest_route=\/wp\/v2\/posts\/11885","targetHints":{"allow":["GET"]}}],"collection":[{"href":"https:\/\/wandilsonramalho.com.br\/blog\/index.php?rest_route=\/wp\/v2\/posts"}],"about":[{"href":"https:\/\/wandilsonramalho.com.br\/blog\/index.php?rest_route=\/wp\/v2\/types\/post"}],"author":[{"embeddable":true,"href":"https:\/\/wandilsonramalho.com.br\/blog\/index.php?rest_route=\/wp\/v2\/users\/2"}],"replies":[{"embeddable":true,"href":"https:\/\/wandilsonramalho.com.br\/blog\/index.php?rest_route=%2Fwp%2Fv2%2Fcomments&post=11885"}],"version-history":[{"count":3,"href":"https:\/\/wandilsonramalho.com.br\/blog\/index.php?rest_route=\/wp\/v2\/posts\/11885\/revisions"}],"predecessor-version":[{"id":11898,"href":"https:\/\/wandilsonramalho.com.br\/blog\/index.php?rest_route=\/wp\/v2\/posts\/11885\/revisions\/11898"}],"wp:featuredmedia":[{"embeddable":true,"href":"https:\/\/wandilsonramalho.com.br\/blog\/index.php?rest_route=\/wp\/v2\/media\/11892"}],"wp:attachment":[{"href":"https:\/\/wandilsonramalho.com.br\/blog\/index.php?rest_route=%2Fwp%2Fv2%2Fmedia&parent=11885"}],"wp:term":[{"taxonomy":"category","embeddable":true,"href":"https:\/\/wandilsonramalho.com.br\/blog\/index.php?rest_route=%2Fwp%2Fv2%2Fcategories&post=11885"},{"taxonomy":"post_tag","embeddable":true,"href":"https:\/\/wandilsonramalho.com.br\/blog\/index.php?rest_route=%2Fwp%2Fv2%2Ftags&post=11885"}],"curies":[{"name":"wp","href":"https:\/\/api.w.org\/{rel}","templated":true}]}}