{"id":11839,"date":"2021-06-01T01:56:00","date_gmt":"2021-06-01T04:56:00","guid":{"rendered":"https:\/\/wandilsonramalho.com.br\/blog\/?p=11836"},"modified":"2021-05-31T16:14:22","modified_gmt":"2021-05-31T19:14:22","slug":"diogo-devesono-mais-novo-padre-desta-terra-2","status":"publish","type":"post","link":"https:\/\/wandilsonramalho.com.br\/blog\/?p=11839","title":{"rendered":"DIOGO DEVESON,O MAIS NOVO PADRE DESTA TERRA!"},"content":{"rendered":"\n<p>&#8220;Por tudo da\u00ed gra\u00e7as&#8221;(1Ts 5,18).<\/p>\n\n\n\n<p>Sim, n\u00f3s caraubenses damos gra\u00e7as por mais um filho ser chamado para o minist\u00e9rio ,o Di\u00e1cono Diogo Deveson &nbsp;como um of\u00edcio de amor e de fidelidade ao chamado de Cristo bom pastor, ser padre .<\/p>\n\n\n\n<p> A Ordena\u00e7\u00e3o acontecer\u00e1 dia 26 deste \u00e0s 17 horas na Matriz de S\u00e3o Sebasti\u00e3o, aqui em sua terra ber\u00e7o , junto da sua fam\u00edlia e dos seus conterr\u00e2neos .<\/p>\n\n\n\n<p> Atualmente , atua como Di\u00e1cono &nbsp;na Par\u00f3quia de Santana de Lu\u00eds Gomes RN. <\/p>\n\n\n\n<p>Quanta luz !Quanta felicidade!<\/p>\n\n\n\n<p>Mais um filho teu Cara\u00fabas  nos caminhos do Senhor .<\/p>\n\n\n\n<p> Alegremo-nos! <\/p>\n","protected":false},"excerpt":{"rendered":"<p>&#8220;Por tudo da\u00ed gra\u00e7as&#8221;(1Ts 5,18). Sim, n\u00f3s caraubenses damos gra\u00e7as por mais um filho ser chamado para o minist\u00e9rio ,o Di\u00e1cono Diogo Deveson &nbsp;como um of\u00edcio de amor e de fidelidade ao chamado de Cristo bom pastor, ser padre . A Ordena\u00e7\u00e3o acontecer\u00e1 dia 26 deste \u00e0s 17 horas na Matriz de S\u00e3o Sebasti\u00e3o, aqui <a href=\"https:\/\/wandilsonramalho.com.br\/blog\/?p=11839\">&#8230;<\/a><\/p>\n","protected":false},"author":2,"featured_media":11846,"comment_status":"closed","ping_status":"closed","sticky":false,"template":"","format":"standard","meta":{"_jetpack_memberships_contains_paid_content":false,"footnotes":""},"categories":[18],"tags":[],"class_list":["post-11839","post","type-post","status-publish","format-standard","has-post-thumbnail","hentry","category-caraubas"],"jetpack_featured_media_url":"https:\/\/i0.wp.com\/wandilsonramalho.com.br\/blog\/wp-content\/uploads\/2021\/06\/f02-DIOGO.jpg?fit=488%2C480&ssl=1","jetpack_sharing_enabled":true,"_links":{"self":[{"href":"https:\/\/wandilsonramalho.com.br\/blog\/index.php?rest_route=\/wp\/v2\/posts\/11839","targetHints":{"allow":["GET"]}}],"collection":[{"href":"https:\/\/wandilsonramalho.com.br\/blog\/index.php?rest_route=\/wp\/v2\/posts"}],"about":[{"href":"https:\/\/wandilsonramalho.com.br\/blog\/index.php?rest_route=\/wp\/v2\/types\/post"}],"author":[{"embeddable":true,"href":"https:\/\/wandilsonramalho.com.br\/blog\/index.php?rest_route=\/wp\/v2\/users\/2"}],"replies":[{"embeddable":true,"href":"https:\/\/wandilsonramalho.com.br\/blog\/index.php?rest_route=%2Fwp%2Fv2%2Fcomments&post=11839"}],"version-history":[{"count":1,"href":"https:\/\/wandilsonramalho.com.br\/blog\/index.php?rest_route=\/wp\/v2\/posts\/11839\/revisions"}],"predecessor-version":[{"id":11847,"href":"https:\/\/wandilsonramalho.com.br\/blog\/index.php?rest_route=\/wp\/v2\/posts\/11839\/revisions\/11847"}],"wp:featuredmedia":[{"embeddable":true,"href":"https:\/\/wandilsonramalho.com.br\/blog\/index.php?rest_route=\/wp\/v2\/media\/11846"}],"wp:attachment":[{"href":"https:\/\/wandilsonramalho.com.br\/blog\/index.php?rest_route=%2Fwp%2Fv2%2Fmedia&parent=11839"}],"wp:term":[{"taxonomy":"category","embeddable":true,"href":"https:\/\/wandilsonramalho.com.br\/blog\/index.php?rest_route=%2Fwp%2Fv2%2Fcategories&post=11839"},{"taxonomy":"post_tag","embeddable":true,"href":"https:\/\/wandilsonramalho.com.br\/blog\/index.php?rest_route=%2Fwp%2Fv2%2Ftags&post=11839"}],"curies":[{"name":"wp","href":"https:\/\/api.w.org\/{rel}","templated":true}]}}