{"id":11833,"date":"2021-06-01T01:53:00","date_gmt":"2021-06-01T04:53:00","guid":{"rendered":"https:\/\/wandilsonramalho.com.br\/blog\/?p=11833"},"modified":"2021-05-31T15:56:34","modified_gmt":"2021-05-31T18:56:34","slug":"terco-dos-homens","status":"publish","type":"post","link":"https:\/\/wandilsonramalho.com.br\/blog\/?p=11833","title":{"rendered":"TER\u00c7O DOS HOMENS .."},"content":{"rendered":"\n<p>Domingo 30 tomou posse na missa solene a nova Coordena\u00e7\u00e3o do Ter\u00e7o dos Homens da Paroquia de S\u00e3o Sebasti\u00e3o de CARAUBAS\/RN para o bi\u00eanio Maio 2021 &#8211; Maio 2023.<\/p>\n\n\n\n<p>Ficou assim formada \u00a0a diretoria :Coordenador Geral:EILSON PIMENTA, Vice Coordenador:JOSIRAN PRAXEDES , Secretario: CL\u00c1UDIO SILVA , Tesoureiro:MANOEL LUCIO FERNANDES FILHO &#8211; Juninho de Duquinha, Assessor de Imprensa:GILVAN VIANA, Infra Estrutura:S\u00c9RGIO LINHARES,Liturgia Canto-Coral:GILVANDRO FERNANDES.<\/p>\n\n\n\n<p>O Ter\u00e7o com 12 anos de hist\u00f3ria , \u00e9 ativo com encontros todas as segundas na\u00a0 antiga Casa da Comunidade. <\/p>\n\n\n\n<p>A simples ora\u00e7\u00e3o do ter\u00e7o traz conforto espiritual.<\/p>\n\n\n\n<p>Aplausos !!<\/p>\n","protected":false},"excerpt":{"rendered":"<p>Domingo 30 tomou posse na missa solene a nova Coordena\u00e7\u00e3o do Ter\u00e7o dos Homens da Paroquia de S\u00e3o Sebasti\u00e3o de CARAUBAS\/RN para o bi\u00eanio Maio 2021 &#8211; Maio 2023. Ficou assim formada \u00a0a diretoria :Coordenador Geral:EILSON PIMENTA, Vice Coordenador:JOSIRAN PRAXEDES , Secretario: CL\u00c1UDIO SILVA , Tesoureiro:MANOEL LUCIO FERNANDES FILHO &#8211; Juninho de Duquinha, Assessor de <a href=\"https:\/\/wandilsonramalho.com.br\/blog\/?p=11833\">&#8230;<\/a><\/p>\n","protected":false},"author":2,"featured_media":11834,"comment_status":"open","ping_status":"open","sticky":false,"template":"","format":"standard","meta":{"_jetpack_memberships_contains_paid_content":false,"footnotes":""},"categories":[18],"tags":[],"class_list":["post-11833","post","type-post","status-publish","format-standard","has-post-thumbnail","hentry","category-caraubas"],"jetpack_featured_media_url":"https:\/\/i0.wp.com\/wandilsonramalho.com.br\/blog\/wp-content\/uploads\/2021\/05\/f05-terco-dos-homens.jpg?fit=800%2C379&ssl=1","jetpack_sharing_enabled":true,"_links":{"self":[{"href":"https:\/\/wandilsonramalho.com.br\/blog\/index.php?rest_route=\/wp\/v2\/posts\/11833","targetHints":{"allow":["GET"]}}],"collection":[{"href":"https:\/\/wandilsonramalho.com.br\/blog\/index.php?rest_route=\/wp\/v2\/posts"}],"about":[{"href":"https:\/\/wandilsonramalho.com.br\/blog\/index.php?rest_route=\/wp\/v2\/types\/post"}],"author":[{"embeddable":true,"href":"https:\/\/wandilsonramalho.com.br\/blog\/index.php?rest_route=\/wp\/v2\/users\/2"}],"replies":[{"embeddable":true,"href":"https:\/\/wandilsonramalho.com.br\/blog\/index.php?rest_route=%2Fwp%2Fv2%2Fcomments&post=11833"}],"version-history":[{"count":1,"href":"https:\/\/wandilsonramalho.com.br\/blog\/index.php?rest_route=\/wp\/v2\/posts\/11833\/revisions"}],"predecessor-version":[{"id":11835,"href":"https:\/\/wandilsonramalho.com.br\/blog\/index.php?rest_route=\/wp\/v2\/posts\/11833\/revisions\/11835"}],"wp:featuredmedia":[{"embeddable":true,"href":"https:\/\/wandilsonramalho.com.br\/blog\/index.php?rest_route=\/wp\/v2\/media\/11834"}],"wp:attachment":[{"href":"https:\/\/wandilsonramalho.com.br\/blog\/index.php?rest_route=%2Fwp%2Fv2%2Fmedia&parent=11833"}],"wp:term":[{"taxonomy":"category","embeddable":true,"href":"https:\/\/wandilsonramalho.com.br\/blog\/index.php?rest_route=%2Fwp%2Fv2%2Fcategories&post=11833"},{"taxonomy":"post_tag","embeddable":true,"href":"https:\/\/wandilsonramalho.com.br\/blog\/index.php?rest_route=%2Fwp%2Fv2%2Ftags&post=11833"}],"curies":[{"name":"wp","href":"https:\/\/api.w.org\/{rel}","templated":true}]}}