{"id":11829,"date":"2021-05-31T10:23:33","date_gmt":"2021-05-31T13:23:33","guid":{"rendered":"https:\/\/wandilsonramalho.com.br\/blog\/?p=11829"},"modified":"2021-05-31T10:23:35","modified_gmt":"2021-05-31T13:23:35","slug":"mes-mariano-encerra-hoje","status":"publish","type":"post","link":"https:\/\/wandilsonramalho.com.br\/blog\/?p=11829","title":{"rendered":"M\u00caS MARIANO ENCERRA HOJE."},"content":{"rendered":"\n<p>O m\u00eas Mariano encerra hoje ..\u00d3h gl\u00f3ria!<\/p>\n\n\n\n<p>Hoje , 31 de maio a Par\u00f3quia de Cara\u00fabas encerra o M\u00eas Mariano Itinerante em Familia e encerra bonito e com certeza emocionante com a Coroa\u00e7\u00e3o de Nossa Senhora .<\/p>\n\n\n\n<p>Vamos viver esses momentos de emo\u00e7\u00e3o e f\u00e9 <br>Acesse o facebook da Par\u00f3quia!<\/p>\n","protected":false},"excerpt":{"rendered":"<p>O m\u00eas Mariano encerra hoje ..\u00d3h gl\u00f3ria! Hoje , 31 de maio a Par\u00f3quia de Cara\u00fabas encerra o M\u00eas Mariano Itinerante em Familia e encerra bonito e com certeza emocionante com a Coroa\u00e7\u00e3o de Nossa Senhora . Vamos viver esses momentos de emo\u00e7\u00e3o e f\u00e9 Acesse o facebook da Par\u00f3quia! <a href=\"https:\/\/wandilsonramalho.com.br\/blog\/?p=11829\">&#8230;<\/a><\/p>\n","protected":false},"author":2,"featured_media":11830,"comment_status":"open","ping_status":"open","sticky":false,"template":"","format":"standard","meta":{"_jetpack_memberships_contains_paid_content":false,"footnotes":""},"categories":[18],"tags":[],"class_list":["post-11829","post","type-post","status-publish","format-standard","has-post-thumbnail","hentry","category-caraubas"],"jetpack_featured_media_url":"https:\/\/i0.wp.com\/wandilsonramalho.com.br\/blog\/wp-content\/uploads\/2021\/05\/MARIANO.jpg?fit=480%2C480&ssl=1","jetpack_sharing_enabled":true,"_links":{"self":[{"href":"https:\/\/wandilsonramalho.com.br\/blog\/index.php?rest_route=\/wp\/v2\/posts\/11829","targetHints":{"allow":["GET"]}}],"collection":[{"href":"https:\/\/wandilsonramalho.com.br\/blog\/index.php?rest_route=\/wp\/v2\/posts"}],"about":[{"href":"https:\/\/wandilsonramalho.com.br\/blog\/index.php?rest_route=\/wp\/v2\/types\/post"}],"author":[{"embeddable":true,"href":"https:\/\/wandilsonramalho.com.br\/blog\/index.php?rest_route=\/wp\/v2\/users\/2"}],"replies":[{"embeddable":true,"href":"https:\/\/wandilsonramalho.com.br\/blog\/index.php?rest_route=%2Fwp%2Fv2%2Fcomments&post=11829"}],"version-history":[{"count":1,"href":"https:\/\/wandilsonramalho.com.br\/blog\/index.php?rest_route=\/wp\/v2\/posts\/11829\/revisions"}],"predecessor-version":[{"id":11831,"href":"https:\/\/wandilsonramalho.com.br\/blog\/index.php?rest_route=\/wp\/v2\/posts\/11829\/revisions\/11831"}],"wp:featuredmedia":[{"embeddable":true,"href":"https:\/\/wandilsonramalho.com.br\/blog\/index.php?rest_route=\/wp\/v2\/media\/11830"}],"wp:attachment":[{"href":"https:\/\/wandilsonramalho.com.br\/blog\/index.php?rest_route=%2Fwp%2Fv2%2Fmedia&parent=11829"}],"wp:term":[{"taxonomy":"category","embeddable":true,"href":"https:\/\/wandilsonramalho.com.br\/blog\/index.php?rest_route=%2Fwp%2Fv2%2Fcategories&post=11829"},{"taxonomy":"post_tag","embeddable":true,"href":"https:\/\/wandilsonramalho.com.br\/blog\/index.php?rest_route=%2Fwp%2Fv2%2Ftags&post=11829"}],"curies":[{"name":"wp","href":"https:\/\/api.w.org\/{rel}","templated":true}]}}