{"id":11809,"date":"2021-06-01T00:19:00","date_gmt":"2021-06-01T03:19:00","guid":{"rendered":"https:\/\/wandilsonramalho.com.br\/blog\/?p=11809"},"modified":"2021-05-31T15:53:05","modified_gmt":"2021-05-31T18:53:05","slug":"tempotempotempo","status":"publish","type":"post","link":"https:\/\/wandilsonramalho.com.br\/blog\/?p=11809","title":{"rendered":"TEMPO,TEMPO, TEMPO!"},"content":{"rendered":"\n<p>A\u00ed que saudades do tempo,um tempo que n\u00e3o volta mais&#8230;saudades de toda uma vida,uma \u00e9poca que ficou pra tr\u00e1s.<\/p>\n\n\n\n<p>Tempo da inoc\u00eancia,da simplicidade e da esperan\u00e7a, dos pequenos sonhos da crian\u00e7a esperan\u00e7a de uma vida melhor! Tempo que eu lembro de cor.<\/p>\n\n\n\n<p>\u00c9ramos felizes com t\u00e3o pouco,meu Deus como esse tempo \u00e9 louco!<\/p>\n\n\n\n<p>Ainda lembro-me com alegria, e sinto saudades do dia<\/p>\n\n\n\n<p>que vivi aquela esta\u00e7\u00e3o.<\/p>\n\n\n\n<p>Uma vida que n\u00e3o tinha padr\u00e3o.<\/p>\n\n\n\n<p>O pouco era tanto pra n\u00f3s!<\/p>\n\n\n\n<p>Enfim ,era tudo que t\u00ednhamos e que guard\u00e1vamos no cora\u00e7\u00e3o.<\/p>\n\n\n\n<p>&nbsp; Embora o suor no rosto teimava em escorregar, se misturavam com l\u00e1grimas que tamb\u00e9m teimavam em rolar, o trem da nossa vida,de uma esta\u00e7\u00e3o sofrida,precisava continuar.<\/p>\n\n\n\n<p>Sim! Seguindo a sua viagem,pois nessa vida meio louca,e esse tempo ligeiro,estamos s\u00f3 de passagem.<\/p>\n\n\n\n<p>Um dia vou me lembrar,com saudades desse tempo,eu pensava baixinho, n\u00e3o me esque\u00e7o,por esta raz\u00e3o,agrade\u00e7o !<\/p>\n\n\n\n<p>Hoje tenho tanto! Obrigada meu Deus,n\u00e3o mere\u00e7o.<\/p>\n\n\n\n<p>A vida \u00e9 como esse trem,que vai levando a cada esta\u00e7\u00e3o muita saudade do que fomos,mas tamb\u00e9m imensa gratid\u00e3o pelo que um dia nos tornamos!<\/p>\n\n\n\n<p>Por Rachel Carvalho<\/p>\n\n\n\n<p>(Foto: Getty)<\/p>\n","protected":false},"excerpt":{"rendered":"<p>A\u00ed que saudades do tempo,um tempo que n\u00e3o volta mais&#8230;saudades de toda uma vida,uma \u00e9poca que ficou pra tr\u00e1s. Tempo da inoc\u00eancia,da simplicidade e da esperan\u00e7a, dos pequenos sonhos da crian\u00e7a esperan\u00e7a de uma vida melhor! Tempo que eu lembro de cor. \u00c9ramos felizes com t\u00e3o pouco,meu Deus como esse tempo \u00e9 louco! Ainda lembro-me <a href=\"https:\/\/wandilsonramalho.com.br\/blog\/?p=11809\">&#8230;<\/a><\/p>\n","protected":false},"author":2,"featured_media":11811,"comment_status":"open","ping_status":"open","sticky":false,"template":"","format":"standard","meta":{"_jetpack_memberships_contains_paid_content":false,"footnotes":""},"categories":[1],"tags":[],"class_list":["post-11809","post","type-post","status-publish","format-standard","has-post-thumbnail","hentry","category-uncategorized"],"jetpack_featured_media_url":"https:\/\/i0.wp.com\/wandilsonramalho.com.br\/blog\/wp-content\/uploads\/2021\/05\/o-tempo.jpg?fit=840%2C500&ssl=1","jetpack_sharing_enabled":true,"_links":{"self":[{"href":"https:\/\/wandilsonramalho.com.br\/blog\/index.php?rest_route=\/wp\/v2\/posts\/11809","targetHints":{"allow":["GET"]}}],"collection":[{"href":"https:\/\/wandilsonramalho.com.br\/blog\/index.php?rest_route=\/wp\/v2\/posts"}],"about":[{"href":"https:\/\/wandilsonramalho.com.br\/blog\/index.php?rest_route=\/wp\/v2\/types\/post"}],"author":[{"embeddable":true,"href":"https:\/\/wandilsonramalho.com.br\/blog\/index.php?rest_route=\/wp\/v2\/users\/2"}],"replies":[{"embeddable":true,"href":"https:\/\/wandilsonramalho.com.br\/blog\/index.php?rest_route=%2Fwp%2Fv2%2Fcomments&post=11809"}],"version-history":[{"count":3,"href":"https:\/\/wandilsonramalho.com.br\/blog\/index.php?rest_route=\/wp\/v2\/posts\/11809\/revisions"}],"predecessor-version":[{"id":11832,"href":"https:\/\/wandilsonramalho.com.br\/blog\/index.php?rest_route=\/wp\/v2\/posts\/11809\/revisions\/11832"}],"wp:featuredmedia":[{"embeddable":true,"href":"https:\/\/wandilsonramalho.com.br\/blog\/index.php?rest_route=\/wp\/v2\/media\/11811"}],"wp:attachment":[{"href":"https:\/\/wandilsonramalho.com.br\/blog\/index.php?rest_route=%2Fwp%2Fv2%2Fmedia&parent=11809"}],"wp:term":[{"taxonomy":"category","embeddable":true,"href":"https:\/\/wandilsonramalho.com.br\/blog\/index.php?rest_route=%2Fwp%2Fv2%2Fcategories&post=11809"},{"taxonomy":"post_tag","embeddable":true,"href":"https:\/\/wandilsonramalho.com.br\/blog\/index.php?rest_route=%2Fwp%2Fv2%2Ftags&post=11809"}],"curies":[{"name":"wp","href":"https:\/\/api.w.org\/{rel}","templated":true}]}}