{"id":11681,"date":"2021-05-25T01:16:00","date_gmt":"2021-05-25T04:16:00","guid":{"rendered":"https:\/\/wandilsonramalho.com.br\/blog\/?p=11681"},"modified":"2021-05-24T16:36:54","modified_gmt":"2021-05-24T19:36:54","slug":"festa-de-nossa-senhora-de-fatima-quanta-luz","status":"publish","type":"post","link":"https:\/\/wandilsonramalho.com.br\/blog\/?p=11681","title":{"rendered":"FESTA DE NOSSA SENHORA DE F\u00c1TIMA ..qUANTA LUZ!!"},"content":{"rendered":"\n<p>Deus , luz, f\u00e9, uni\u00e3o, voluntariado lindo, missas, novenas, leil\u00e3o, quermesses , tudo seguiu igualmente belo na Festa de Nossa Senhora de F\u00e1tima aqui em Cara\u00fabas de 13 a 23 deste.<\/p>\n\n\n\n<p>O Padre Ikaro Dre\u00e2n , a comiss\u00e3o da festa e todas as equipes que trabalharam s\u00e3o dignos de muitos aplausos .<\/p>\n\n\n\n<p>Tudo online .<\/p>\n\n\n\n<p>Tudo lindo!<\/p>\n\n\n\n<p>Rezemos, pe\u00e7amos luz, pois a f\u00e9 move o mundo, transforma vidas !<\/p>\n\n\n\n<p>Viva o povo de Cara\u00fabas !<\/p>\n\n\n\n<p>Viva Nossa Senhora de F\u00e1tima <\/p>\n\n\n\n<p>Foto de encerramento da festa .<\/p>\n","protected":false},"excerpt":{"rendered":"<p>Deus , luz, f\u00e9, uni\u00e3o, voluntariado lindo, missas, novenas, leil\u00e3o, quermesses , tudo seguiu igualmente belo na Festa de Nossa Senhora de F\u00e1tima aqui em Cara\u00fabas de 13 a 23 deste. O Padre Ikaro Dre\u00e2n , a comiss\u00e3o da festa e todas as equipes que trabalharam s\u00e3o dignos de muitos aplausos . Tudo online . <a href=\"https:\/\/wandilsonramalho.com.br\/blog\/?p=11681\">&#8230;<\/a><\/p>\n","protected":false},"author":2,"featured_media":11683,"comment_status":"open","ping_status":"open","sticky":false,"template":"","format":"standard","meta":{"_jetpack_memberships_contains_paid_content":false,"footnotes":""},"categories":[18],"tags":[],"class_list":["post-11681","post","type-post","status-publish","format-standard","has-post-thumbnail","hentry","category-caraubas"],"jetpack_featured_media_url":"https:\/\/i0.wp.com\/wandilsonramalho.com.br\/blog\/wp-content\/uploads\/2021\/05\/PE-IKARO.jpg?fit=640%2C320&ssl=1","jetpack_sharing_enabled":true,"_links":{"self":[{"href":"https:\/\/wandilsonramalho.com.br\/blog\/index.php?rest_route=\/wp\/v2\/posts\/11681","targetHints":{"allow":["GET"]}}],"collection":[{"href":"https:\/\/wandilsonramalho.com.br\/blog\/index.php?rest_route=\/wp\/v2\/posts"}],"about":[{"href":"https:\/\/wandilsonramalho.com.br\/blog\/index.php?rest_route=\/wp\/v2\/types\/post"}],"author":[{"embeddable":true,"href":"https:\/\/wandilsonramalho.com.br\/blog\/index.php?rest_route=\/wp\/v2\/users\/2"}],"replies":[{"embeddable":true,"href":"https:\/\/wandilsonramalho.com.br\/blog\/index.php?rest_route=%2Fwp%2Fv2%2Fcomments&post=11681"}],"version-history":[{"count":1,"href":"https:\/\/wandilsonramalho.com.br\/blog\/index.php?rest_route=\/wp\/v2\/posts\/11681\/revisions"}],"predecessor-version":[{"id":11684,"href":"https:\/\/wandilsonramalho.com.br\/blog\/index.php?rest_route=\/wp\/v2\/posts\/11681\/revisions\/11684"}],"wp:featuredmedia":[{"embeddable":true,"href":"https:\/\/wandilsonramalho.com.br\/blog\/index.php?rest_route=\/wp\/v2\/media\/11683"}],"wp:attachment":[{"href":"https:\/\/wandilsonramalho.com.br\/blog\/index.php?rest_route=%2Fwp%2Fv2%2Fmedia&parent=11681"}],"wp:term":[{"taxonomy":"category","embeddable":true,"href":"https:\/\/wandilsonramalho.com.br\/blog\/index.php?rest_route=%2Fwp%2Fv2%2Fcategories&post=11681"},{"taxonomy":"post_tag","embeddable":true,"href":"https:\/\/wandilsonramalho.com.br\/blog\/index.php?rest_route=%2Fwp%2Fv2%2Ftags&post=11681"}],"curies":[{"name":"wp","href":"https:\/\/api.w.org\/{rel}","templated":true}]}}