{"id":11661,"date":"2021-05-26T00:55:00","date_gmt":"2021-05-26T03:55:00","guid":{"rendered":"https:\/\/wandilsonramalho.com.br\/blog\/?p=11661"},"modified":"2021-05-25T16:56:51","modified_gmt":"2021-05-25T19:56:51","slug":"ana-vitoria-maia-camara-celebra-seus-15-anos","status":"publish","type":"post","link":"https:\/\/wandilsonramalho.com.br\/blog\/?p=11661","title":{"rendered":"ANA VITORIA MAIA C\u00c2MARA, CELEBRA SEUS 15 ANOS !!"},"content":{"rendered":"\n<p>O t\u00e3o esperado dia chegou !!<\/p>\n\n\n\n<p> Hoje 26 de maio de 2021 , o dia dos 15 anos da linda , debutante Ana Vit\u00f3ria Maia C\u00e2mara a filha de Miltinho C\u00e2mara (in memorian ) e Danusa Maia .<\/p>\n\n\n\n<p>A pandemia mudou os planos deste data que seria uma grande festa para celebrar , afinal 15 anos \u00e9 uma data m\u00e1gica, linda , importante e por ser importante a &nbsp;comemora\u00e7\u00e3o ser\u00e1 &nbsp;intimista .<\/p>\n\n\n\n<p> Vit\u00f3ria voc\u00ea \u00e9 a estrela do dia , da vida , da mam\u00e3e Danusa , do irm\u00e3o Lucas , dos familiares e amigos .<\/p>\n\n\n\n<p>Parab\u00e9ns!!<\/p>\n","protected":false},"excerpt":{"rendered":"<p>O t\u00e3o esperado dia chegou !! Hoje 26 de maio de 2021 , o dia dos 15 anos da linda , debutante Ana Vit\u00f3ria Maia C\u00e2mara a filha de Miltinho C\u00e2mara (in memorian ) e Danusa Maia . A pandemia mudou os planos deste data que seria uma grande festa para celebrar , afinal 15 <a href=\"https:\/\/wandilsonramalho.com.br\/blog\/?p=11661\">&#8230;<\/a><\/p>\n","protected":false},"author":2,"featured_media":11662,"comment_status":"open","ping_status":"open","sticky":false,"template":"","format":"standard","meta":{"_jetpack_memberships_contains_paid_content":false,"footnotes":""},"categories":[22],"tags":[],"class_list":["post-11661","post","type-post","status-publish","format-standard","has-post-thumbnail","hentry","category-aniversariantes"],"jetpack_featured_media_url":"https:\/\/i0.wp.com\/wandilsonramalho.com.br\/blog\/wp-content\/uploads\/2021\/05\/f02-ana-vitoria.jpg?fit=720%2C1280&ssl=1","jetpack_sharing_enabled":true,"_links":{"self":[{"href":"https:\/\/wandilsonramalho.com.br\/blog\/index.php?rest_route=\/wp\/v2\/posts\/11661","targetHints":{"allow":["GET"]}}],"collection":[{"href":"https:\/\/wandilsonramalho.com.br\/blog\/index.php?rest_route=\/wp\/v2\/posts"}],"about":[{"href":"https:\/\/wandilsonramalho.com.br\/blog\/index.php?rest_route=\/wp\/v2\/types\/post"}],"author":[{"embeddable":true,"href":"https:\/\/wandilsonramalho.com.br\/blog\/index.php?rest_route=\/wp\/v2\/users\/2"}],"replies":[{"embeddable":true,"href":"https:\/\/wandilsonramalho.com.br\/blog\/index.php?rest_route=%2Fwp%2Fv2%2Fcomments&post=11661"}],"version-history":[{"count":3,"href":"https:\/\/wandilsonramalho.com.br\/blog\/index.php?rest_route=\/wp\/v2\/posts\/11661\/revisions"}],"predecessor-version":[{"id":11695,"href":"https:\/\/wandilsonramalho.com.br\/blog\/index.php?rest_route=\/wp\/v2\/posts\/11661\/revisions\/11695"}],"wp:featuredmedia":[{"embeddable":true,"href":"https:\/\/wandilsonramalho.com.br\/blog\/index.php?rest_route=\/wp\/v2\/media\/11662"}],"wp:attachment":[{"href":"https:\/\/wandilsonramalho.com.br\/blog\/index.php?rest_route=%2Fwp%2Fv2%2Fmedia&parent=11661"}],"wp:term":[{"taxonomy":"category","embeddable":true,"href":"https:\/\/wandilsonramalho.com.br\/blog\/index.php?rest_route=%2Fwp%2Fv2%2Fcategories&post=11661"},{"taxonomy":"post_tag","embeddable":true,"href":"https:\/\/wandilsonramalho.com.br\/blog\/index.php?rest_route=%2Fwp%2Fv2%2Ftags&post=11661"}],"curies":[{"name":"wp","href":"https:\/\/api.w.org\/{rel}","templated":true}]}}