{"id":11520,"date":"2021-05-18T01:01:00","date_gmt":"2021-05-18T04:01:00","guid":{"rendered":"https:\/\/wandilsonramalho.com.br\/blog\/?p=11520"},"modified":"2021-05-17T18:10:12","modified_gmt":"2021-05-17T21:10:12","slug":"o-nossa-senhora-de-fatima-protege-nos","status":"publish","type":"post","link":"https:\/\/wandilsonramalho.com.br\/blog\/?p=11520","title":{"rendered":"\u00d3 NOSSA SENHORA DE F\u00c1TIMA-PROTEGE-NOS !!"},"content":{"rendered":"\n<p>Cara\u00fabas em festa religiosa , \u00e9 a Festa de Nossa Senhora de F\u00e1tima que prossegue at\u00e9 dia 23 domingo .<\/p>\n\n\n\n<p>Todas as noites de s\u00e1bado a s\u00e1bado acontece o noven\u00e1rio (via face e youtube da Paroquia ) e logo ap\u00f3s tem quermesse (delivery) .<br><\/p>\n\n\n\n<p>Tapete vermelho para todos os volunt\u00e1rios , da parte religiosa , da quermesse , do leil\u00e3o ..<\/p>\n\n\n\n<p> \u00d2 Nossa Senhora de F\u00e1tima protege teu povo que clama \u00a0pedindo paz, vacina, sa\u00fade , vida !!..<\/p>\n\n\n\n<p>Nossa Senhora ilumina toda a humanidade , ilumina Cara\u00fabas cubra com o vosso santo manto todos n\u00f3s.<\/p>\n\n\n\n<p>Eis a turma top de uma das noites ..<\/p>\n\n\n\n<p>O celebrante Canind\u00e9 Costa e T\u00e1ssio Farias , Toinha Fran\u00e7a, Marcelo Show e Neidinha .<\/p>\n","protected":false},"excerpt":{"rendered":"<p>Cara\u00fabas em festa religiosa , \u00e9 a Festa de Nossa Senhora de F\u00e1tima que prossegue at\u00e9 dia 23 domingo . Todas as noites de s\u00e1bado a s\u00e1bado acontece o noven\u00e1rio (via face e youtube da Paroquia ) e logo ap\u00f3s tem quermesse (delivery) . Tapete vermelho para todos os volunt\u00e1rios , da parte religiosa , <a href=\"https:\/\/wandilsonramalho.com.br\/blog\/?p=11520\">&#8230;<\/a><\/p>\n","protected":false},"author":2,"featured_media":11521,"comment_status":"open","ping_status":"open","sticky":false,"template":"","format":"standard","meta":{"_jetpack_memberships_contains_paid_content":false,"footnotes":""},"categories":[18],"tags":[],"class_list":["post-11520","post","type-post","status-publish","format-standard","has-post-thumbnail","hentry","category-caraubas"],"jetpack_featured_media_url":"https:\/\/i0.wp.com\/wandilsonramalho.com.br\/blog\/wp-content\/uploads\/2021\/05\/186524091_1576808692529047_7214442473528086715_n.jpg?fit=480%2C600&ssl=1","jetpack_sharing_enabled":true,"_links":{"self":[{"href":"https:\/\/wandilsonramalho.com.br\/blog\/index.php?rest_route=\/wp\/v2\/posts\/11520","targetHints":{"allow":["GET"]}}],"collection":[{"href":"https:\/\/wandilsonramalho.com.br\/blog\/index.php?rest_route=\/wp\/v2\/posts"}],"about":[{"href":"https:\/\/wandilsonramalho.com.br\/blog\/index.php?rest_route=\/wp\/v2\/types\/post"}],"author":[{"embeddable":true,"href":"https:\/\/wandilsonramalho.com.br\/blog\/index.php?rest_route=\/wp\/v2\/users\/2"}],"replies":[{"embeddable":true,"href":"https:\/\/wandilsonramalho.com.br\/blog\/index.php?rest_route=%2Fwp%2Fv2%2Fcomments&post=11520"}],"version-history":[{"count":1,"href":"https:\/\/wandilsonramalho.com.br\/blog\/index.php?rest_route=\/wp\/v2\/posts\/11520\/revisions"}],"predecessor-version":[{"id":11522,"href":"https:\/\/wandilsonramalho.com.br\/blog\/index.php?rest_route=\/wp\/v2\/posts\/11520\/revisions\/11522"}],"wp:featuredmedia":[{"embeddable":true,"href":"https:\/\/wandilsonramalho.com.br\/blog\/index.php?rest_route=\/wp\/v2\/media\/11521"}],"wp:attachment":[{"href":"https:\/\/wandilsonramalho.com.br\/blog\/index.php?rest_route=%2Fwp%2Fv2%2Fmedia&parent=11520"}],"wp:term":[{"taxonomy":"category","embeddable":true,"href":"https:\/\/wandilsonramalho.com.br\/blog\/index.php?rest_route=%2Fwp%2Fv2%2Fcategories&post=11520"},{"taxonomy":"post_tag","embeddable":true,"href":"https:\/\/wandilsonramalho.com.br\/blog\/index.php?rest_route=%2Fwp%2Fv2%2Ftags&post=11520"}],"curies":[{"name":"wp","href":"https:\/\/api.w.org\/{rel}","templated":true}]}}