{"id":11517,"date":"2021-05-18T01:56:00","date_gmt":"2021-05-18T04:56:00","guid":{"rendered":"https:\/\/wandilsonramalho.com.br\/blog\/?p=11517"},"modified":"2021-05-18T12:28:17","modified_gmt":"2021-05-18T15:28:17","slug":"ela-e-linda","status":"publish","type":"post","link":"https:\/\/wandilsonramalho.com.br\/blog\/?p=11517","title":{"rendered":"ELA \u00c9 LINDA !!"},"content":{"rendered":"\n<p>A linda , a inteligente Ana Claudia Gurgel se inscreveu no Concurso de modelo Tr\u00e1fego Look Pus Size assinado pelos amigos colunistas Georgiano Azevedo e George Azevedo.<\/p>\n\n\n\n<p> Ela &nbsp;j\u00e1 participou das primeiros compromissos em Mossor\u00f3 dos&nbsp; ensaios e fotos. <\/p>\n\n\n\n<p>Ela ficou encantada . <\/p>\n\n\n\n<p>Desejo sucesso, linda ! &nbsp;<\/p>\n","protected":false},"excerpt":{"rendered":"<p>A linda , a inteligente Ana Claudia Gurgel se inscreveu no Concurso de modelo Tr\u00e1fego Look Pus Size assinado pelos amigos colunistas Georgiano Azevedo e George Azevedo. Ela &nbsp;j\u00e1 participou das primeiros compromissos em Mossor\u00f3 dos&nbsp; ensaios e fotos. Ela ficou encantada . Desejo sucesso, linda ! &nbsp; <a href=\"https:\/\/wandilsonramalho.com.br\/blog\/?p=11517\">&#8230;<\/a><\/p>\n","protected":false},"author":2,"featured_media":11530,"comment_status":"open","ping_status":"open","sticky":false,"template":"","format":"standard","meta":{"_jetpack_memberships_contains_paid_content":false,"footnotes":""},"categories":[29],"tags":[],"class_list":["post-11517","post","type-post","status-publish","format-standard","has-post-thumbnail","hentry","category-gente-chique"],"jetpack_featured_media_url":"https:\/\/i0.wp.com\/wandilsonramalho.com.br\/blog\/wp-content\/uploads\/2021\/05\/f01-ana-claudia-1.jpg?fit=292%2C448&ssl=1","jetpack_sharing_enabled":true,"_links":{"self":[{"href":"https:\/\/wandilsonramalho.com.br\/blog\/index.php?rest_route=\/wp\/v2\/posts\/11517","targetHints":{"allow":["GET"]}}],"collection":[{"href":"https:\/\/wandilsonramalho.com.br\/blog\/index.php?rest_route=\/wp\/v2\/posts"}],"about":[{"href":"https:\/\/wandilsonramalho.com.br\/blog\/index.php?rest_route=\/wp\/v2\/types\/post"}],"author":[{"embeddable":true,"href":"https:\/\/wandilsonramalho.com.br\/blog\/index.php?rest_route=\/wp\/v2\/users\/2"}],"replies":[{"embeddable":true,"href":"https:\/\/wandilsonramalho.com.br\/blog\/index.php?rest_route=%2Fwp%2Fv2%2Fcomments&post=11517"}],"version-history":[{"count":2,"href":"https:\/\/wandilsonramalho.com.br\/blog\/index.php?rest_route=\/wp\/v2\/posts\/11517\/revisions"}],"predecessor-version":[{"id":11532,"href":"https:\/\/wandilsonramalho.com.br\/blog\/index.php?rest_route=\/wp\/v2\/posts\/11517\/revisions\/11532"}],"wp:featuredmedia":[{"embeddable":true,"href":"https:\/\/wandilsonramalho.com.br\/blog\/index.php?rest_route=\/wp\/v2\/media\/11530"}],"wp:attachment":[{"href":"https:\/\/wandilsonramalho.com.br\/blog\/index.php?rest_route=%2Fwp%2Fv2%2Fmedia&parent=11517"}],"wp:term":[{"taxonomy":"category","embeddable":true,"href":"https:\/\/wandilsonramalho.com.br\/blog\/index.php?rest_route=%2Fwp%2Fv2%2Fcategories&post=11517"},{"taxonomy":"post_tag","embeddable":true,"href":"https:\/\/wandilsonramalho.com.br\/blog\/index.php?rest_route=%2Fwp%2Fv2%2Ftags&post=11517"}],"curies":[{"name":"wp","href":"https:\/\/api.w.org\/{rel}","templated":true}]}}