{"id":11484,"date":"2021-05-15T17:24:50","date_gmt":"2021-05-15T20:24:50","guid":{"rendered":"https:\/\/wandilsonramalho.com.br\/blog\/?p=11484"},"modified":"2021-05-15T17:26:48","modified_gmt":"2021-05-15T20:26:48","slug":"o-cha-revelacao-revelou-e-bernardo","status":"publish","type":"post","link":"https:\/\/wandilsonramalho.com.br\/blog\/?p=11484","title":{"rendered":"O CH\u00c1 REVELA\u00c7\u00c3O,REVELOU!! !\u00c9 BERNARDO!!"},"content":{"rendered":"\n<p>Quanta emo\u00e7\u00e3o!<\/p>\n\n\n\n<p>Entre choros e risos , no Ch\u00e1 Revela\u00e7\u00e3o do casal lindo Fernanda e Luan aconteceu com muita ansiedade at\u00e9 dos participantes que queriam saber &#8220;\u00c8 Menino ou Menina ?&#8221;<\/p>\n\n\n\n<p>Quando  estourou  o bal\u00e3o, o resultado foi <strong>revelado<\/strong> para alegria de todos..\u00e9 menino , \u00e9 Bernardo!!<\/p>\n\n\n\n<p>Queridos papais , de primeira viagem, que Deus possa aben\u00e7oar nessa mais nova e linda miss\u00e3o -SER PAIS ..<\/p>\n\n\n\n<p>S\u00e3o tantas emo\u00e7\u00f5es, como esperan\u00e7a, alegria, amor, ansiedade, entre outras..<\/p>\n\n\n\n<p>Parab\u00e9ns, queridos e amados papais ..<\/p>\n\n\n\n<p>O amor \u00e9 lindo!!<\/p>\n\n\n\n<p> <\/p>\n","protected":false},"excerpt":{"rendered":"<p>Quanta emo\u00e7\u00e3o! Entre choros e risos , no Ch\u00e1 Revela\u00e7\u00e3o do casal lindo Fernanda e Luan aconteceu com muita ansiedade at\u00e9 dos participantes que queriam saber &#8220;\u00c8 Menino ou Menina ?&#8221; Quando estourou o bal\u00e3o, o resultado foi revelado para alegria de todos..\u00e9 menino , \u00e9 Bernardo!! Queridos papais , de primeira viagem, que Deus <a href=\"https:\/\/wandilsonramalho.com.br\/blog\/?p=11484\">&#8230;<\/a><\/p>\n","protected":false},"author":2,"featured_media":11485,"comment_status":"open","ping_status":"open","sticky":false,"template":"","format":"standard","meta":{"_jetpack_memberships_contains_paid_content":false,"footnotes":""},"categories":[29],"tags":[],"class_list":["post-11484","post","type-post","status-publish","format-standard","has-post-thumbnail","hentry","category-gente-chique"],"jetpack_featured_media_url":"https:\/\/i0.wp.com\/wandilsonramalho.com.br\/blog\/wp-content\/uploads\/2021\/05\/FERNANDA.jpg?fit=304%2C448&ssl=1","jetpack_sharing_enabled":true,"_links":{"self":[{"href":"https:\/\/wandilsonramalho.com.br\/blog\/index.php?rest_route=\/wp\/v2\/posts\/11484","targetHints":{"allow":["GET"]}}],"collection":[{"href":"https:\/\/wandilsonramalho.com.br\/blog\/index.php?rest_route=\/wp\/v2\/posts"}],"about":[{"href":"https:\/\/wandilsonramalho.com.br\/blog\/index.php?rest_route=\/wp\/v2\/types\/post"}],"author":[{"embeddable":true,"href":"https:\/\/wandilsonramalho.com.br\/blog\/index.php?rest_route=\/wp\/v2\/users\/2"}],"replies":[{"embeddable":true,"href":"https:\/\/wandilsonramalho.com.br\/blog\/index.php?rest_route=%2Fwp%2Fv2%2Fcomments&post=11484"}],"version-history":[{"count":2,"href":"https:\/\/wandilsonramalho.com.br\/blog\/index.php?rest_route=\/wp\/v2\/posts\/11484\/revisions"}],"predecessor-version":[{"id":11487,"href":"https:\/\/wandilsonramalho.com.br\/blog\/index.php?rest_route=\/wp\/v2\/posts\/11484\/revisions\/11487"}],"wp:featuredmedia":[{"embeddable":true,"href":"https:\/\/wandilsonramalho.com.br\/blog\/index.php?rest_route=\/wp\/v2\/media\/11485"}],"wp:attachment":[{"href":"https:\/\/wandilsonramalho.com.br\/blog\/index.php?rest_route=%2Fwp%2Fv2%2Fmedia&parent=11484"}],"wp:term":[{"taxonomy":"category","embeddable":true,"href":"https:\/\/wandilsonramalho.com.br\/blog\/index.php?rest_route=%2Fwp%2Fv2%2Fcategories&post=11484"},{"taxonomy":"post_tag","embeddable":true,"href":"https:\/\/wandilsonramalho.com.br\/blog\/index.php?rest_route=%2Fwp%2Fv2%2Ftags&post=11484"}],"curies":[{"name":"wp","href":"https:\/\/api.w.org\/{rel}","templated":true}]}}