{"id":11400,"date":"2021-05-13T00:39:00","date_gmt":"2021-05-13T03:39:00","guid":{"rendered":"https:\/\/wandilsonramalho.com.br\/blog\/?p=11400"},"modified":"2021-05-12T16:09:07","modified_gmt":"2021-05-12T19:09:07","slug":"inicia-hoje-a-festa-de-nossa-senhora-de-fatima","status":"publish","type":"post","link":"https:\/\/wandilsonramalho.com.br\/blog\/?p=11400","title":{"rendered":"INICIA HOJE A FESTA DE NOSSA SENHORA DE F\u00c1TIMA .."},"content":{"rendered":"\n<p>\u00c8 grande a devo\u00e7\u00e3o dos &nbsp;caraubenses \u00e0 Nossa Senhora de F\u00e1tima , padroeira do bairro Sebasti\u00e3o Maltez Fernandes.<\/p>\n\n\n\n<p>O dia dela \u00e9 hoje , mas devido a pandemia e ao lockdown a festa online inicia hoje com muita devo\u00e7\u00e3o e prossegue at\u00e9 o dia 23 (domingo). <\/p>\n\n\n\n<p>A comiss\u00e3o da festa convida.<\/p>\n\n\n\n<p>Veja como Nossa Senhora de F\u00e1tima \u00e9 linda ! E rezemos : Ajudai-nos \u00f3 M\u00e3e amada , livra-nos desta peste !Cuida dos seus filhos que clamam vida.<\/p>\n\n\n\n<p>A Imaculada \u00e9 o esplendor do amor divino em nossas vidas.<br>Converse com Ela bem com intimidade !!<\/p>\n\n\n\n<p>Am\u00e9m!<\/p>\n","protected":false},"excerpt":{"rendered":"<p>\u00c8 grande a devo\u00e7\u00e3o dos &nbsp;caraubenses \u00e0 Nossa Senhora de F\u00e1tima , padroeira do bairro Sebasti\u00e3o Maltez Fernandes. O dia dela \u00e9 hoje , mas devido a pandemia e ao lockdown a festa online inicia hoje com muita devo\u00e7\u00e3o e prossegue at\u00e9 o dia 23 (domingo). A comiss\u00e3o da festa convida. Veja como Nossa Senhora <a href=\"https:\/\/wandilsonramalho.com.br\/blog\/?p=11400\">&#8230;<\/a><\/p>\n","protected":false},"author":2,"featured_media":11402,"comment_status":"open","ping_status":"open","sticky":false,"template":"","format":"standard","meta":{"_jetpack_memberships_contains_paid_content":false,"footnotes":""},"categories":[1,18],"tags":[],"class_list":["post-11400","post","type-post","status-publish","format-standard","has-post-thumbnail","hentry","category-uncategorized","category-caraubas"],"jetpack_featured_media_url":"https:\/\/i0.wp.com\/wandilsonramalho.com.br\/blog\/wp-content\/uploads\/2021\/05\/nossa-senhora-de-fatima1-1.jpg?fit=448%2C299&ssl=1","jetpack_sharing_enabled":true,"_links":{"self":[{"href":"https:\/\/wandilsonramalho.com.br\/blog\/index.php?rest_route=\/wp\/v2\/posts\/11400","targetHints":{"allow":["GET"]}}],"collection":[{"href":"https:\/\/wandilsonramalho.com.br\/blog\/index.php?rest_route=\/wp\/v2\/posts"}],"about":[{"href":"https:\/\/wandilsonramalho.com.br\/blog\/index.php?rest_route=\/wp\/v2\/types\/post"}],"author":[{"embeddable":true,"href":"https:\/\/wandilsonramalho.com.br\/blog\/index.php?rest_route=\/wp\/v2\/users\/2"}],"replies":[{"embeddable":true,"href":"https:\/\/wandilsonramalho.com.br\/blog\/index.php?rest_route=%2Fwp%2Fv2%2Fcomments&post=11400"}],"version-history":[{"count":1,"href":"https:\/\/wandilsonramalho.com.br\/blog\/index.php?rest_route=\/wp\/v2\/posts\/11400\/revisions"}],"predecessor-version":[{"id":11403,"href":"https:\/\/wandilsonramalho.com.br\/blog\/index.php?rest_route=\/wp\/v2\/posts\/11400\/revisions\/11403"}],"wp:featuredmedia":[{"embeddable":true,"href":"https:\/\/wandilsonramalho.com.br\/blog\/index.php?rest_route=\/wp\/v2\/media\/11402"}],"wp:attachment":[{"href":"https:\/\/wandilsonramalho.com.br\/blog\/index.php?rest_route=%2Fwp%2Fv2%2Fmedia&parent=11400"}],"wp:term":[{"taxonomy":"category","embeddable":true,"href":"https:\/\/wandilsonramalho.com.br\/blog\/index.php?rest_route=%2Fwp%2Fv2%2Fcategories&post=11400"},{"taxonomy":"post_tag","embeddable":true,"href":"https:\/\/wandilsonramalho.com.br\/blog\/index.php?rest_route=%2Fwp%2Fv2%2Ftags&post=11400"}],"curies":[{"name":"wp","href":"https:\/\/api.w.org\/{rel}","templated":true}]}}