{"id":11360,"date":"2021-05-11T01:03:00","date_gmt":"2021-05-11T04:03:00","guid":{"rendered":"https:\/\/wandilsonramalho.com.br\/blog\/?p=11360"},"modified":"2021-05-10T17:05:40","modified_gmt":"2021-05-10T20:05:40","slug":"jornada-pedagogica-2","status":"publish","type":"post","link":"https:\/\/wandilsonramalho.com.br\/blog\/?p=11360","title":{"rendered":"JORNADA PEDAGOGICA"},"content":{"rendered":"\n<p>A Prefeitura e Secretaria de Educa\u00e7\u00e3o do nosso munic\u00edpio j\u00e1 agendou a Jornada Pedagogica que neste ano 2021 ser\u00e1 online . Tudo inicia hoje e vai at\u00e9 o dia 14 atraves do link da Secretaria via Youbube .<\/p>\n\n\n\n<p>O tema ? \u201cArticular novas pr\u00e1ticas \u00e0 ressignifica\u00e7\u00e3o do ensino \u201c.<\/p>\n\n\n\n<p>O Secretario do Educa\u00e7\u00e3o Francisco Antonio Alves coordena o evento . <\/p>\n\n\n\n<p>Hoje , os palestrantes s\u00e3o : Ana Jacqueline Braga Mendes Secretaria de Educa\u00e7\u00e3o de Brejo do Santo-CE, Maqu\u00e9zia Emilia de Morais coordenadora da Educa\u00e7\u00e3o Infantil \u2013Mossor\u00f3\/RN e Ghisleny Brasil \u2013UFERSA e amanh\u00e3 os professores Iure Coutre Gurgel _UERN , Yure da Silva Paiva professor e vice prefeito de Severiano Melo .<\/p>\n","protected":false},"excerpt":{"rendered":"<p>A Prefeitura e Secretaria de Educa\u00e7\u00e3o do nosso munic\u00edpio j\u00e1 agendou a Jornada Pedagogica que neste ano 2021 ser\u00e1 online . Tudo inicia hoje e vai at\u00e9 o dia 14 atraves do link da Secretaria via Youbube . O tema ? \u201cArticular novas pr\u00e1ticas \u00e0 ressignifica\u00e7\u00e3o do ensino \u201c. O Secretario do Educa\u00e7\u00e3o Francisco Antonio <a href=\"https:\/\/wandilsonramalho.com.br\/blog\/?p=11360\">&#8230;<\/a><\/p>\n","protected":false},"author":2,"featured_media":11361,"comment_status":"open","ping_status":"open","sticky":false,"template":"","format":"standard","meta":{"_jetpack_memberships_contains_paid_content":false,"footnotes":""},"categories":[18],"tags":[],"class_list":["post-11360","post","type-post","status-publish","format-standard","has-post-thumbnail","hentry","category-caraubas"],"jetpack_featured_media_url":"https:\/\/i0.wp.com\/wandilsonramalho.com.br\/blog\/wp-content\/uploads\/2021\/05\/f-5-FRANCISCO.jpg?fit=318%2C514&ssl=1","jetpack_sharing_enabled":true,"_links":{"self":[{"href":"https:\/\/wandilsonramalho.com.br\/blog\/index.php?rest_route=\/wp\/v2\/posts\/11360","targetHints":{"allow":["GET"]}}],"collection":[{"href":"https:\/\/wandilsonramalho.com.br\/blog\/index.php?rest_route=\/wp\/v2\/posts"}],"about":[{"href":"https:\/\/wandilsonramalho.com.br\/blog\/index.php?rest_route=\/wp\/v2\/types\/post"}],"author":[{"embeddable":true,"href":"https:\/\/wandilsonramalho.com.br\/blog\/index.php?rest_route=\/wp\/v2\/users\/2"}],"replies":[{"embeddable":true,"href":"https:\/\/wandilsonramalho.com.br\/blog\/index.php?rest_route=%2Fwp%2Fv2%2Fcomments&post=11360"}],"version-history":[{"count":1,"href":"https:\/\/wandilsonramalho.com.br\/blog\/index.php?rest_route=\/wp\/v2\/posts\/11360\/revisions"}],"predecessor-version":[{"id":11362,"href":"https:\/\/wandilsonramalho.com.br\/blog\/index.php?rest_route=\/wp\/v2\/posts\/11360\/revisions\/11362"}],"wp:featuredmedia":[{"embeddable":true,"href":"https:\/\/wandilsonramalho.com.br\/blog\/index.php?rest_route=\/wp\/v2\/media\/11361"}],"wp:attachment":[{"href":"https:\/\/wandilsonramalho.com.br\/blog\/index.php?rest_route=%2Fwp%2Fv2%2Fmedia&parent=11360"}],"wp:term":[{"taxonomy":"category","embeddable":true,"href":"https:\/\/wandilsonramalho.com.br\/blog\/index.php?rest_route=%2Fwp%2Fv2%2Fcategories&post=11360"},{"taxonomy":"post_tag","embeddable":true,"href":"https:\/\/wandilsonramalho.com.br\/blog\/index.php?rest_route=%2Fwp%2Fv2%2Ftags&post=11360"}],"curies":[{"name":"wp","href":"https:\/\/api.w.org\/{rel}","templated":true}]}}