{"id":11335,"date":"2021-05-09T01:31:00","date_gmt":"2021-05-09T04:31:00","guid":{"rendered":"https:\/\/wandilsonramalho.com.br\/blog\/?p=11335"},"modified":"2021-05-08T10:35:45","modified_gmt":"2021-05-08T13:35:45","slug":"padre-flavio-de-melo-parabens","status":"publish","type":"post","link":"https:\/\/wandilsonramalho.com.br\/blog\/?p=11335","title":{"rendered":"PADRE FL\u00c1VIO DE MELO PARAB\u00c9NS!!"},"content":{"rendered":"\n<p>Hoje, dia do Senhor , \u00e9 muita alegria para o padre Flavio de Melo celebrar seu aniversario no dia do Senhor ..<\/p>\n\n\n\n<p>Na Eucaristia , em plena eleva\u00e7\u00e3o , agradecer a Deus o dom da vida , \u00e9 um presente !<\/p>\n\n\n\n<p>Muita luz, padre Flavio !<\/p>\n","protected":false},"excerpt":{"rendered":"<p>Hoje, dia do Senhor , \u00e9 muita alegria para o padre Flavio de Melo celebrar seu aniversario no dia do Senhor .. Na Eucaristia , em plena eleva\u00e7\u00e3o , agradecer a Deus o dom da vida , \u00e9 um presente ! Muita luz, padre Flavio ! <a href=\"https:\/\/wandilsonramalho.com.br\/blog\/?p=11335\">&#8230;<\/a><\/p>\n","protected":false},"author":2,"featured_media":11336,"comment_status":"open","ping_status":"open","sticky":false,"template":"","format":"standard","meta":{"_jetpack_memberships_contains_paid_content":false,"footnotes":""},"categories":[22],"tags":[],"class_list":["post-11335","post","type-post","status-publish","format-standard","has-post-thumbnail","hentry","category-aniversariantes"],"jetpack_featured_media_url":"https:\/\/i0.wp.com\/wandilsonramalho.com.br\/blog\/wp-content\/uploads\/2021\/05\/67260767_2873865969306598_8342012028654714880_n.jpg?fit=527%2C480&ssl=1","jetpack_sharing_enabled":true,"_links":{"self":[{"href":"https:\/\/wandilsonramalho.com.br\/blog\/index.php?rest_route=\/wp\/v2\/posts\/11335","targetHints":{"allow":["GET"]}}],"collection":[{"href":"https:\/\/wandilsonramalho.com.br\/blog\/index.php?rest_route=\/wp\/v2\/posts"}],"about":[{"href":"https:\/\/wandilsonramalho.com.br\/blog\/index.php?rest_route=\/wp\/v2\/types\/post"}],"author":[{"embeddable":true,"href":"https:\/\/wandilsonramalho.com.br\/blog\/index.php?rest_route=\/wp\/v2\/users\/2"}],"replies":[{"embeddable":true,"href":"https:\/\/wandilsonramalho.com.br\/blog\/index.php?rest_route=%2Fwp%2Fv2%2Fcomments&post=11335"}],"version-history":[{"count":1,"href":"https:\/\/wandilsonramalho.com.br\/blog\/index.php?rest_route=\/wp\/v2\/posts\/11335\/revisions"}],"predecessor-version":[{"id":11337,"href":"https:\/\/wandilsonramalho.com.br\/blog\/index.php?rest_route=\/wp\/v2\/posts\/11335\/revisions\/11337"}],"wp:featuredmedia":[{"embeddable":true,"href":"https:\/\/wandilsonramalho.com.br\/blog\/index.php?rest_route=\/wp\/v2\/media\/11336"}],"wp:attachment":[{"href":"https:\/\/wandilsonramalho.com.br\/blog\/index.php?rest_route=%2Fwp%2Fv2%2Fmedia&parent=11335"}],"wp:term":[{"taxonomy":"category","embeddable":true,"href":"https:\/\/wandilsonramalho.com.br\/blog\/index.php?rest_route=%2Fwp%2Fv2%2Fcategories&post=11335"},{"taxonomy":"post_tag","embeddable":true,"href":"https:\/\/wandilsonramalho.com.br\/blog\/index.php?rest_route=%2Fwp%2Fv2%2Ftags&post=11335"}],"curies":[{"name":"wp","href":"https:\/\/api.w.org\/{rel}","templated":true}]}}