{"id":11324,"date":"2021-05-09T00:07:00","date_gmt":"2021-05-09T03:07:00","guid":{"rendered":"https:\/\/wandilsonramalho.com.br\/blog\/?p=11324"},"modified":"2021-05-08T10:22:38","modified_gmt":"2021-05-08T13:22:38","slug":"para-sempre-mae-maria-mae-julia","status":"publish","type":"post","link":"https:\/\/wandilsonramalho.com.br\/blog\/?p=11324","title":{"rendered":"PARA SEMPRE ..M\u00c3E MARIA, M\u00c3E JULIA !!"},"content":{"rendered":"\n<p>Carlos Drummond- tocou nossa alma , nosso mais profundo sentimento , quando diz  &#8220;Por que Deus permite que as m\u00e3es v\u00e3o-se embora?&#8221;.M\u00e3e \u00e9 m\u00e3e, \u00fanica , absoluta !<\/p>\n\n\n\n<p>Quantos anos minha m\u00e3e Maria partiu ? Quantos anos  Julia  m\u00e3e de Vandilson partiu ?<\/p>\n\n\n\n<p> Cada dia, a dor ainda  lateja em n\u00f3s , uma saudade maior , cada dia a lembran\u00e7a viva de duas grande mulheres, porque m\u00e3e \u00e9 m\u00e3e .<\/p>\n\n\n\n<p>.As lembran\u00e7as nos acompanham e sempre (delas ), os exemplos , de Maria e Julia que mesmo sem serem letradas,  deram grandes ensinamentos que at\u00e9 hoje , eu lembro perfeitamente e Vandilson guarda na sua mem\u00f3ria .<\/p>\n\n\n\n<p>Quem esquece as nossas m\u00e3es , mesmo tendo partido ?<\/p>\n\n\n\n<p>Os anos passam ..passam..aquelas lembran\u00e7as afloram , no dia dos anivers\u00e1rios , no Natal, reveillon , festa de S\u00e3o Sebasti\u00e3o e principalmente no dia da partida para sempre &#8230;..<\/p>\n\n\n\n<p>E, nossos amores se foram &#8230;.<\/p>\n\n\n\n<p>E, a saudade se perpetuando ..<\/p>\n\n\n\n<p>E, a vida seguindo&#8230;<\/p>\n\n\n\n<p>Era assim : a vida simples, um amor maior , um respeito , li\u00e7\u00f5es di\u00e1rias , m\u00e3e e filha , m\u00e3e e filho !<\/p>\n\n\n\n<p>Hoje, dia das m\u00e3es , a ora\u00e7\u00e3o impera , o choro vem , o orgulho de termos m\u00e3es verdadeiras lindas por dentro e por fora , nos faz hoje dizer &#8216;OBRIGADO(MAM\u00c3E ).!!<br><\/p>\n\n\n\n<p>No c\u00e9u , elas rezam por n\u00f3s !!<\/p>\n\n\n\n<p>Para Sempre<\/p>\n\n\n\n<p>Por que Deus permite<br>que as m\u00e3es v\u00e3o-se embora?<br>M\u00e3e n\u00e3o tem limite,<br>\u00e9 tempo sem hora,<br>luz que n\u00e3o apaga<br>quando sopra o vento<br>e chuva desaba,<br>veludo escondido<br>na pele enrugada,<br>\u00e1gua pura, ar puro,<br>puro pensamento.<br>Morrer acontece<br>com o que \u00e9 breve e passa<br>sem deixar vest\u00edgio.<\/p>\n\n\n\n<p>M\u00e3e, na sua gra\u00e7a,<br>\u00e9 eternidade.<br>Por que Deus se lembra<br>&#8211; mist\u00e9rio profundo &#8211;<br>de tir\u00e1-la um dia?<br>Fosse eu Rei do Mundo,<br>baixava uma lei:<br>M\u00e3e n\u00e3o morre nunca,<br>m\u00e3e ficar\u00e1 sempre<br>junto de seu filho<br>e ele, velho embora,<br>ser\u00e1 pequenino<br>feito gr\u00e3o de milho.<\/p>\n\n\n\n<p><a href=\"https:\/\/www.pensador.com\/autor\/carlos_drummond_de_andrade\/\">Carlos Drummond de Andrade<\/a> ,<\/p>\n","protected":false},"excerpt":{"rendered":"<p>Carlos Drummond- tocou nossa alma , nosso mais profundo sentimento , quando diz &#8220;Por que Deus permite que as m\u00e3es v\u00e3o-se embora?&#8221;.M\u00e3e \u00e9 m\u00e3e, \u00fanica , absoluta ! Quantos anos minha m\u00e3e Maria partiu ? Quantos anos Julia m\u00e3e de Vandilson partiu ? Cada dia, a dor ainda lateja em n\u00f3s , uma saudade maior <a href=\"https:\/\/wandilsonramalho.com.br\/blog\/?p=11324\">&#8230;<\/a><\/p>\n","protected":false},"author":2,"featured_media":11325,"comment_status":"open","ping_status":"open","sticky":false,"template":"","format":"standard","meta":{"_jetpack_memberships_contains_paid_content":false,"footnotes":""},"categories":[1],"tags":[],"class_list":["post-11324","post","type-post","status-publish","format-standard","has-post-thumbnail","hentry","category-uncategorized"],"jetpack_featured_media_url":"https:\/\/i0.wp.com\/wandilsonramalho.com.br\/blog\/wp-content\/uploads\/2021\/05\/13886496_1046651248782572_5587466173550729301_n.jpg?fit=320%2C320&ssl=1","jetpack_sharing_enabled":true,"_links":{"self":[{"href":"https:\/\/wandilsonramalho.com.br\/blog\/index.php?rest_route=\/wp\/v2\/posts\/11324","targetHints":{"allow":["GET"]}}],"collection":[{"href":"https:\/\/wandilsonramalho.com.br\/blog\/index.php?rest_route=\/wp\/v2\/posts"}],"about":[{"href":"https:\/\/wandilsonramalho.com.br\/blog\/index.php?rest_route=\/wp\/v2\/types\/post"}],"author":[{"embeddable":true,"href":"https:\/\/wandilsonramalho.com.br\/blog\/index.php?rest_route=\/wp\/v2\/users\/2"}],"replies":[{"embeddable":true,"href":"https:\/\/wandilsonramalho.com.br\/blog\/index.php?rest_route=%2Fwp%2Fv2%2Fcomments&post=11324"}],"version-history":[{"count":1,"href":"https:\/\/wandilsonramalho.com.br\/blog\/index.php?rest_route=\/wp\/v2\/posts\/11324\/revisions"}],"predecessor-version":[{"id":11326,"href":"https:\/\/wandilsonramalho.com.br\/blog\/index.php?rest_route=\/wp\/v2\/posts\/11324\/revisions\/11326"}],"wp:featuredmedia":[{"embeddable":true,"href":"https:\/\/wandilsonramalho.com.br\/blog\/index.php?rest_route=\/wp\/v2\/media\/11325"}],"wp:attachment":[{"href":"https:\/\/wandilsonramalho.com.br\/blog\/index.php?rest_route=%2Fwp%2Fv2%2Fmedia&parent=11324"}],"wp:term":[{"taxonomy":"category","embeddable":true,"href":"https:\/\/wandilsonramalho.com.br\/blog\/index.php?rest_route=%2Fwp%2Fv2%2Fcategories&post=11324"},{"taxonomy":"post_tag","embeddable":true,"href":"https:\/\/wandilsonramalho.com.br\/blog\/index.php?rest_route=%2Fwp%2Fv2%2Ftags&post=11324"}],"curies":[{"name":"wp","href":"https:\/\/api.w.org\/{rel}","templated":true}]}}