{"id":11271,"date":"2021-05-07T01:49:00","date_gmt":"2021-05-07T04:49:00","guid":{"rendered":"https:\/\/wandilsonramalho.com.br\/blog\/?p=11271"},"modified":"2021-05-06T15:55:35","modified_gmt":"2021-05-06T18:55:35","slug":"parabens-vanci-ramalho","status":"publish","type":"post","link":"https:\/\/wandilsonramalho.com.br\/blog\/?p=11271","title":{"rendered":"PARAB\u00c9NS, VANCI RAMALHO!"},"content":{"rendered":"\n<p>O cunhado Vanci Ramalho que reside em Parnamirim hoje brinda a vida ..<br>Na foto em evento em sua terra Cara\u00fabas , com o irm\u00e3o  Valmir , o filho Vanderlan e  a esposa  Marilene .<\/p>\n\n\n\n<p>Daqui , o nosso abra\u00e7o com votos de muitas felicidades, paz e vida .<\/p>\n","protected":false},"excerpt":{"rendered":"<p>O cunhado Vanci Ramalho que reside em Parnamirim hoje brinda a vida ..Na foto em evento em sua terra Cara\u00fabas , com o irm\u00e3o Valmir , o filho Vanderlan e a esposa Marilene . Daqui , o nosso abra\u00e7o com votos de muitas felicidades, paz e vida . <a href=\"https:\/\/wandilsonramalho.com.br\/blog\/?p=11271\">&#8230;<\/a><\/p>\n","protected":false},"author":2,"featured_media":11272,"comment_status":"open","ping_status":"open","sticky":false,"template":"","format":"standard","meta":{"_jetpack_memberships_contains_paid_content":false,"footnotes":""},"categories":[22],"tags":[],"class_list":["post-11271","post","type-post","status-publish","format-standard","has-post-thumbnail","hentry","category-aniversariantes"],"jetpack_featured_media_url":"https:\/\/i0.wp.com\/wandilsonramalho.com.br\/blog\/wp-content\/uploads\/2021\/05\/vanci.jpg?fit=640%2C277&ssl=1","jetpack_sharing_enabled":true,"_links":{"self":[{"href":"https:\/\/wandilsonramalho.com.br\/blog\/index.php?rest_route=\/wp\/v2\/posts\/11271","targetHints":{"allow":["GET"]}}],"collection":[{"href":"https:\/\/wandilsonramalho.com.br\/blog\/index.php?rest_route=\/wp\/v2\/posts"}],"about":[{"href":"https:\/\/wandilsonramalho.com.br\/blog\/index.php?rest_route=\/wp\/v2\/types\/post"}],"author":[{"embeddable":true,"href":"https:\/\/wandilsonramalho.com.br\/blog\/index.php?rest_route=\/wp\/v2\/users\/2"}],"replies":[{"embeddable":true,"href":"https:\/\/wandilsonramalho.com.br\/blog\/index.php?rest_route=%2Fwp%2Fv2%2Fcomments&post=11271"}],"version-history":[{"count":1,"href":"https:\/\/wandilsonramalho.com.br\/blog\/index.php?rest_route=\/wp\/v2\/posts\/11271\/revisions"}],"predecessor-version":[{"id":11273,"href":"https:\/\/wandilsonramalho.com.br\/blog\/index.php?rest_route=\/wp\/v2\/posts\/11271\/revisions\/11273"}],"wp:featuredmedia":[{"embeddable":true,"href":"https:\/\/wandilsonramalho.com.br\/blog\/index.php?rest_route=\/wp\/v2\/media\/11272"}],"wp:attachment":[{"href":"https:\/\/wandilsonramalho.com.br\/blog\/index.php?rest_route=%2Fwp%2Fv2%2Fmedia&parent=11271"}],"wp:term":[{"taxonomy":"category","embeddable":true,"href":"https:\/\/wandilsonramalho.com.br\/blog\/index.php?rest_route=%2Fwp%2Fv2%2Fcategories&post=11271"},{"taxonomy":"post_tag","embeddable":true,"href":"https:\/\/wandilsonramalho.com.br\/blog\/index.php?rest_route=%2Fwp%2Fv2%2Ftags&post=11271"}],"curies":[{"name":"wp","href":"https:\/\/api.w.org\/{rel}","templated":true}]}}