{"id":11264,"date":"2021-05-07T01:27:00","date_gmt":"2021-05-07T04:27:00","guid":{"rendered":"https:\/\/wandilsonramalho.com.br\/blog\/?p=11264"},"modified":"2021-05-06T15:35:47","modified_gmt":"2021-05-06T18:35:47","slug":"live-covid-19-equipe-da-prefeitura-de-caraubas","status":"publish","type":"post","link":"https:\/\/wandilsonramalho.com.br\/blog\/?p=11264","title":{"rendered":"LIVE COVID -19 &#8211; EQUIPE DA PREFEITURA DE CARA\u00daBAS .."},"content":{"rendered":"\n<p>Hoje , mais uma live sobre Covid-19 em nossa amada Cara\u00fabas .<\/p>\n\n\n\n<p>Estamos em lockdown e a equipe hoje em cena para conversar sobre  as a\u00e7\u00f5es de combate ao v\u00edrus. <\/p>\n\n\n\n<p>A live ser\u00e1 coordenada pelo vice prefeito Paulo Brasil  e as participa\u00e7\u00f5es do advogado Jos\u00e9 Ricardo Jr e a enfermeira Monique Barreto. <\/p>\n\n\n\n<p> Ser\u00e1 hoje,  sexta-feira 7, \u00e0s 19h pelo You Tube da Prefeitura.<\/p>\n\n\n\n<p>Convite feito!<\/p>\n","protected":false},"excerpt":{"rendered":"<p>Hoje , mais uma live sobre Covid-19 em nossa amada Cara\u00fabas . Estamos em lockdown e a equipe hoje em cena para conversar sobre as a\u00e7\u00f5es de combate ao v\u00edrus. A live ser\u00e1 coordenada pelo vice prefeito Paulo Brasil e as participa\u00e7\u00f5es do advogado Jos\u00e9 Ricardo Jr e a enfermeira Monique Barreto. Ser\u00e1 hoje, sexta-feira <a href=\"https:\/\/wandilsonramalho.com.br\/blog\/?p=11264\">&#8230;<\/a><\/p>\n","protected":false},"author":2,"featured_media":11265,"comment_status":"open","ping_status":"open","sticky":false,"template":"","format":"standard","meta":{"_jetpack_memberships_contains_paid_content":false,"footnotes":""},"categories":[18],"tags":[],"class_list":["post-11264","post","type-post","status-publish","format-standard","has-post-thumbnail","hentry","category-caraubas"],"jetpack_featured_media_url":"https:\/\/i0.wp.com\/wandilsonramalho.com.br\/blog\/wp-content\/uploads\/2021\/05\/182654183_10215669935021444_5388834832622621746_n.jpg?fit=480%2C480&ssl=1","jetpack_sharing_enabled":true,"_links":{"self":[{"href":"https:\/\/wandilsonramalho.com.br\/blog\/index.php?rest_route=\/wp\/v2\/posts\/11264","targetHints":{"allow":["GET"]}}],"collection":[{"href":"https:\/\/wandilsonramalho.com.br\/blog\/index.php?rest_route=\/wp\/v2\/posts"}],"about":[{"href":"https:\/\/wandilsonramalho.com.br\/blog\/index.php?rest_route=\/wp\/v2\/types\/post"}],"author":[{"embeddable":true,"href":"https:\/\/wandilsonramalho.com.br\/blog\/index.php?rest_route=\/wp\/v2\/users\/2"}],"replies":[{"embeddable":true,"href":"https:\/\/wandilsonramalho.com.br\/blog\/index.php?rest_route=%2Fwp%2Fv2%2Fcomments&post=11264"}],"version-history":[{"count":1,"href":"https:\/\/wandilsonramalho.com.br\/blog\/index.php?rest_route=\/wp\/v2\/posts\/11264\/revisions"}],"predecessor-version":[{"id":11266,"href":"https:\/\/wandilsonramalho.com.br\/blog\/index.php?rest_route=\/wp\/v2\/posts\/11264\/revisions\/11266"}],"wp:featuredmedia":[{"embeddable":true,"href":"https:\/\/wandilsonramalho.com.br\/blog\/index.php?rest_route=\/wp\/v2\/media\/11265"}],"wp:attachment":[{"href":"https:\/\/wandilsonramalho.com.br\/blog\/index.php?rest_route=%2Fwp%2Fv2%2Fmedia&parent=11264"}],"wp:term":[{"taxonomy":"category","embeddable":true,"href":"https:\/\/wandilsonramalho.com.br\/blog\/index.php?rest_route=%2Fwp%2Fv2%2Fcategories&post=11264"},{"taxonomy":"post_tag","embeddable":true,"href":"https:\/\/wandilsonramalho.com.br\/blog\/index.php?rest_route=%2Fwp%2Fv2%2Ftags&post=11264"}],"curies":[{"name":"wp","href":"https:\/\/api.w.org\/{rel}","templated":true}]}}