{"id":11125,"date":"2021-05-01T07:51:43","date_gmt":"2021-05-01T10:51:43","guid":{"rendered":"https:\/\/wandilsonramalho.com.br\/blog\/?p=11125"},"modified":"2021-05-01T07:51:45","modified_gmt":"2021-05-01T10:51:45","slug":"parabens-conceicao-vieira","status":"publish","type":"post","link":"https:\/\/wandilsonramalho.com.br\/blog\/?p=11125","title":{"rendered":"PARAB\u00c9NS, CONCEI\u00c7\u00c3O VIEIRA"},"content":{"rendered":"\n<p>Uma das compet\u00eancias do Instituto Nossa Senhora do Perpetuo Socorro Concei\u00e7\u00e3o Vieira hoje celebra a vida .<\/p>\n\n\n\n<p>Aqui , em momento solene de cola\u00e7\u00e3o de grau.<\/p>\n\n\n\n<p>Hoje, Wandilson e esta colunista e a Diretora Vanda , a nossa homenagem a esta guerreira , que faz jus ao seu juramento como educadora .<\/p>\n","protected":false},"excerpt":{"rendered":"<p>Uma das compet\u00eancias do Instituto Nossa Senhora do Perpetuo Socorro Concei\u00e7\u00e3o Vieira hoje celebra a vida . Aqui , em momento solene de cola\u00e7\u00e3o de grau. Hoje, Wandilson e esta colunista e a Diretora Vanda , a nossa homenagem a esta guerreira , que faz jus ao seu juramento como educadora . <a href=\"https:\/\/wandilsonramalho.com.br\/blog\/?p=11125\">&#8230;<\/a><\/p>\n","protected":false},"author":2,"featured_media":11126,"comment_status":"open","ping_status":"open","sticky":false,"template":"","format":"standard","meta":{"_jetpack_memberships_contains_paid_content":false,"footnotes":""},"categories":[22],"tags":[],"class_list":["post-11125","post","type-post","status-publish","format-standard","has-post-thumbnail","hentry","category-aniversariantes"],"jetpack_featured_media_url":"https:\/\/i0.wp.com\/wandilsonramalho.com.br\/blog\/wp-content\/uploads\/2021\/05\/SJR_5926.jpg?fit=417%2C336&ssl=1","jetpack_sharing_enabled":true,"_links":{"self":[{"href":"https:\/\/wandilsonramalho.com.br\/blog\/index.php?rest_route=\/wp\/v2\/posts\/11125","targetHints":{"allow":["GET"]}}],"collection":[{"href":"https:\/\/wandilsonramalho.com.br\/blog\/index.php?rest_route=\/wp\/v2\/posts"}],"about":[{"href":"https:\/\/wandilsonramalho.com.br\/blog\/index.php?rest_route=\/wp\/v2\/types\/post"}],"author":[{"embeddable":true,"href":"https:\/\/wandilsonramalho.com.br\/blog\/index.php?rest_route=\/wp\/v2\/users\/2"}],"replies":[{"embeddable":true,"href":"https:\/\/wandilsonramalho.com.br\/blog\/index.php?rest_route=%2Fwp%2Fv2%2Fcomments&post=11125"}],"version-history":[{"count":1,"href":"https:\/\/wandilsonramalho.com.br\/blog\/index.php?rest_route=\/wp\/v2\/posts\/11125\/revisions"}],"predecessor-version":[{"id":11127,"href":"https:\/\/wandilsonramalho.com.br\/blog\/index.php?rest_route=\/wp\/v2\/posts\/11125\/revisions\/11127"}],"wp:featuredmedia":[{"embeddable":true,"href":"https:\/\/wandilsonramalho.com.br\/blog\/index.php?rest_route=\/wp\/v2\/media\/11126"}],"wp:attachment":[{"href":"https:\/\/wandilsonramalho.com.br\/blog\/index.php?rest_route=%2Fwp%2Fv2%2Fmedia&parent=11125"}],"wp:term":[{"taxonomy":"category","embeddable":true,"href":"https:\/\/wandilsonramalho.com.br\/blog\/index.php?rest_route=%2Fwp%2Fv2%2Fcategories&post=11125"},{"taxonomy":"post_tag","embeddable":true,"href":"https:\/\/wandilsonramalho.com.br\/blog\/index.php?rest_route=%2Fwp%2Fv2%2Ftags&post=11125"}],"curies":[{"name":"wp","href":"https:\/\/api.w.org\/{rel}","templated":true}]}}