{"id":11054,"date":"2021-04-28T05:52:40","date_gmt":"2021-04-28T08:52:40","guid":{"rendered":"https:\/\/wandilsonramalho.com.br\/blog\/?p=11054"},"modified":"2021-04-28T05:52:42","modified_gmt":"2021-04-28T08:52:42","slug":"quinca-almeida-partiu","status":"publish","type":"post","link":"https:\/\/wandilsonramalho.com.br\/blog\/?p=11054","title":{"rendered":"QUINCA ALMEIDA, PARTIU ."},"content":{"rendered":"\n<p>O ser do bem , da paz, do amor, da conc\u00f3rdia  deu adeus ao mundo, Quinca Almeida .<\/p>\n\n\n\n<p>O c\u00e9u se alegrou, a terra chorou ..<\/p>\n\n\n\n<p>Para a familia, o nosso abra\u00e7o .<\/p>\n\n\n\n<p>Para Quinca homem de f\u00e9 , a nossa ora\u00e7\u00e3o silenciosa.<\/p>\n\n\n\n\n","protected":false},"excerpt":{"rendered":"<p>O ser do bem , da paz, do amor, da conc\u00f3rdia deu adeus ao mundo, Quinca Almeida . O c\u00e9u se alegrou, a terra chorou .. Para a familia, o nosso abra\u00e7o . Para Quinca homem de f\u00e9 , a nossa ora\u00e7\u00e3o silenciosa. <a href=\"https:\/\/wandilsonramalho.com.br\/blog\/?p=11054\">&#8230;<\/a><\/p>\n","protected":false},"author":2,"featured_media":11055,"comment_status":"open","ping_status":"open","sticky":false,"template":"","format":"standard","meta":{"_jetpack_memberships_contains_paid_content":false,"footnotes":""},"categories":[18],"tags":[],"class_list":["post-11054","post","type-post","status-publish","format-standard","has-post-thumbnail","hentry","category-caraubas"],"jetpack_featured_media_url":"https:\/\/i0.wp.com\/wandilsonramalho.com.br\/blog\/wp-content\/uploads\/2021\/04\/13886496_1046651248782572_5587466173550729301_n-1.jpg?fit=320%2C320&ssl=1","jetpack_sharing_enabled":true,"_links":{"self":[{"href":"https:\/\/wandilsonramalho.com.br\/blog\/index.php?rest_route=\/wp\/v2\/posts\/11054","targetHints":{"allow":["GET"]}}],"collection":[{"href":"https:\/\/wandilsonramalho.com.br\/blog\/index.php?rest_route=\/wp\/v2\/posts"}],"about":[{"href":"https:\/\/wandilsonramalho.com.br\/blog\/index.php?rest_route=\/wp\/v2\/types\/post"}],"author":[{"embeddable":true,"href":"https:\/\/wandilsonramalho.com.br\/blog\/index.php?rest_route=\/wp\/v2\/users\/2"}],"replies":[{"embeddable":true,"href":"https:\/\/wandilsonramalho.com.br\/blog\/index.php?rest_route=%2Fwp%2Fv2%2Fcomments&post=11054"}],"version-history":[{"count":1,"href":"https:\/\/wandilsonramalho.com.br\/blog\/index.php?rest_route=\/wp\/v2\/posts\/11054\/revisions"}],"predecessor-version":[{"id":11056,"href":"https:\/\/wandilsonramalho.com.br\/blog\/index.php?rest_route=\/wp\/v2\/posts\/11054\/revisions\/11056"}],"wp:featuredmedia":[{"embeddable":true,"href":"https:\/\/wandilsonramalho.com.br\/blog\/index.php?rest_route=\/wp\/v2\/media\/11055"}],"wp:attachment":[{"href":"https:\/\/wandilsonramalho.com.br\/blog\/index.php?rest_route=%2Fwp%2Fv2%2Fmedia&parent=11054"}],"wp:term":[{"taxonomy":"category","embeddable":true,"href":"https:\/\/wandilsonramalho.com.br\/blog\/index.php?rest_route=%2Fwp%2Fv2%2Fcategories&post=11054"},{"taxonomy":"post_tag","embeddable":true,"href":"https:\/\/wandilsonramalho.com.br\/blog\/index.php?rest_route=%2Fwp%2Fv2%2Ftags&post=11054"}],"curies":[{"name":"wp","href":"https:\/\/api.w.org\/{rel}","templated":true}]}}